{"id":7210,"date":"2023-05-26T11:21:00","date_gmt":"2023-05-26T09:21:00","guid":{"rendered":"https:\/\/vdldemeeuw.be\/nl\/?post_type=news&#038;p=7210"},"modified":"2025-06-05T11:45:47","modified_gmt":"2025-06-05T09:45:47","slug":"de-meeuw-wordt-vdl-de-meeuw","status":"publish","type":"news","link":"https:\/\/vdldemeeuw.be\/nl\/nieuws\/de-meeuw-wordt-vdl-de-meeuw\/","title":{"rendered":"De Meeuw wordt VDL De Meeuw"},"content":{"rendered":"\n<section class=\"novi-block block-row block-row--stretch-narrow\"data-mb=\"regular\">\n    <div class=\"block-row__row row\">\n                \n\n<div class=\"novi-block block-column col col--1 col--lg-1\/1\">\n    \n<p class=\"novi-block block-paragraph\"data-mb=\"small\"><strong>&#8220;Opname in industri\u00eble groep vergroot ons innovatievermogen en onze financi\u00eble slagkracht&#8221;<\/strong><strong><br><\/strong><\/p>\n\n<p class=\"novi-block block-paragraph\"data-mb=\"small\"><strong>De Meeuw wordt een 100% dochter van de Nederlandse industri\u00eble bedrijvengroep VDL Groep. &#8220;Voor onze klanten en partners verandert op korte termijn niets&#8221;, benadrukt CEO Hans Vonck van De Meeuw Belgi\u00eb. &#8220;De continu\u00efteit is volledig gegarandeerd, alle vertrouwde gezichten blijven op post. W\u00e9l verhoogd op termijn onze financi\u00eble slagkracht \u00e9n profiteren we binnen de VDL Groep maximaal van innovatieve kruisbestuiving. Dit geeft ons extra stuwkracht bij het nastreven van onze strategische doelstellingen, waarbij we hoog inzetten op flexwonen als oplossing voor het acute woningtekort in Belgi\u00eb.&#8221;<\/strong><\/p>\n\n<p class=\"novi-block block-paragraph\"data-mb=\"small\">VDL De Meeuw is d\u00e9 specialist in flexibele en modulaire huisvesting. Het internationaal actieve bedrijf met hoofdvestiging in Nederland (Oirschot) en vestiging in Belgi\u00eb (Willebroek) focust zich op de zorgsector, het onderwijs, het bedrijfsleven \u00e9n flexwonen. VDL De Meeuw telt 400 medewerkers en realiseerde in 2022 een omzet van 180 miljoen euro.<\/p>\n\n<h3 class=\"novi-block block-heading h3\"data-mb=\"smaller\" id=\"novi-heading-263d4fde-e4f1-4122-8159-aa4a252da307\">Volledige overname<\/h3>\n\n<p class=\"novi-block block-paragraph\"data-mb=\"small\">VDL Groep was al sinds 2015 voor 50% aandeelhouder van De Meeuw. De beslissing om volledig eigenaar te worden van dit familiebedrijf met meer dan 90 jaar geschiedenis, leidt tot een verdere ondersteuning door de VDL Groep. &#8220;Op korte termijn benadrukken we de continu\u00efteit van onze dagelijkse bedrijfsvoering, op langere termijn biedt dit geweldige groeikansen. Onze medewerkers, onze partners \u00e9n onze klanten varen er alleen maar wel bij.&#8221;<\/p>\n\n<h3 class=\"novi-block block-heading h3\"data-mb=\"smaller\" id=\"novi-heading-e2acfee9-93e4-4d2e-b84b-b5408c3d3016\">Verdere ontwikkeling<\/h3>\n\n<p class=\"novi-block block-paragraph\"data-mb=\"small\">VDL De Meeuw Belgi\u00eb vormt de Belgische afdeling binnen VDL De Meeuw. Circulariteit en innovatie staan bij VDL De Meeuw steeds hoog op de agenda. Daardoor groeiden we ook tot pionier en marktleider binnen het modulair bouwen. Onze modulaire en flexibele huisvestingsoplossingen scoren sterk op het vlak van circulariteit en duurzaamheid, waardoor steeds meer opdrachtgevers overtuigd raken van onze absolute meerwaarde. &#8220;De integratie in de VDL Groep vergroot ons innovatievermogen. De veelzijdige en diepgaande industri\u00eble expertise die in de VDL Groep aanwezig is, biedt een sterke toegevoegde waarde voor onze verdere ontwikkeling. In combinatie met de grote investeringskracht verwachten we daardoor een extra groeiversnelling.&#8221;<\/p>\n\n<h3 class=\"novi-block block-heading h3\"data-mb=\"smaller\" id=\"novi-heading-d70d63f9-b554-426d-9b94-7ec8d9948876\">Flexibele woonoplossingen<\/h3>\n\n<p class=\"novi-block block-paragraph\"data-mb=\"small\">Om het acute tekort aan studentenkoten, arbeidsmigranten, sociale huisvesting en opvang bij rampsituaties op te lossen, lanceerde VDL De Meeuw Belgi\u00eb recent een innovatieve woonoplossing: flexwonen. Ook na de volledige overname door VDL Groep blijft deze ambitie hoog op de prioriteitenlijst.<\/p>\n\n<p class=\"novi-block block-paragraph\"data-mb=\"small\">Hans Vonck: &#8220;We vragen alle overheden met braakliggende percelen om met ons na te denken over de snelle realisatie van een modulair opgebouwde woonkern. Wij investeren \u00e9n bouwen de volledige woningbuurt afgestemd op de beoogde doelgroep, inclusief de buiteninfrastructuur. Deze woonkern blijft minstens voor een periode van 10 jaar staan, bijvoorbeeld totdat het braakliggende perceel een definitieve herbestemming kreeg. Na deze periode herbouwen we de woonkern op een andere locatie weer op. Deze oplossing is voor de overheid betaalbaar \u00e9n biedt een oplossing op zowel korte als lange termijn. Voor ons hoeft er niet langer gewacht te worden, wij zijn klaar om het acute woontekort kordaat aan te pakken.&#8221;<\/p>\n<\/div>\n            <\/div>\n<\/section>\n\n\n\n<section class=\"novi-block block-row\"data-mb=\"regular\">\n    <div class=\"block-row__row row\">\n                \n\n<div class=\"novi-block block-column col col--1 col--lg-1\/1\">\n    \n\n\n\n    <div class=\"novi-block block-image block-image--enable-rounded-corners\"\n         data-mt=\"none\"         data-mb=\"small\"         data-horizontal-align=\"centered\"\n         data-vertical-align=\"centered\"\n         data-mobile-align=\"centered\">\n\n        <figure class=\"block-image__inner\" style=\"max-width: 1620px\">\n\n            \n            <div class=\"block-image__image-container\">\n\n                <picture class=\"block-image__picture\" draggable=\"false\">\n\n                    \n                        <source media=\"(min-width: 414px)\"\n                                width=\"1620px\"\n                                height=\"1080px\"\n                                srcset=\"https:\/\/vdldemeeuw.be\/nl\/wp-content\/uploads\/sites\/2\/2024\/06\/Hoofdkantoor_VDL.jpg\"\/>\n\n                        <source media=\"(min-width: 0px)\"\n                                width=\"360px\"\n                                height=\"240px\"\n                                srcset=\"https:\/\/vdldemeeuw.be\/nl\/wp-content\/uploads\/sites\/2\/2024\/06\/Hoofdkantoor_VDL-720x480.jpg 2x, https:\/\/vdldemeeuw.be\/nl\/wp-content\/uploads\/sites\/2\/2024\/06\/Hoofdkantoor_VDL-360x240.jpg\"\/>\n\n                    \n                    <img decoding=\"async\" loading=\"lazy\"\n                         class=\"block-image__image\"\n                         alt=\"Hoofdkantoor_VDL\"\n                         src=\"https:\/\/vdldemeeuw.be\/nl\/wp-content\/uploads\/sites\/2\/2024\/06\/Hoofdkantoor_VDL.jpg\"\n                         width=\"1620px\"                         height=\"1080px\"\/>\n\n                <\/picture>\n\n                                    <div class=\"block-image__holder block-image__holder--desktop\"\n                         style=\"aspect-ratio: 1620\/1080; max-width: 1620px\">\n                    <\/div>\n                \n                                    <div class=\"block-image__holder block-image__holder--mobile\"\n                         style=\"aspect-ratio: 360\/240; max-width: 360px\">\n                    <\/div>\n                \n            <\/div>\n\n            \n            \n        <\/figure>\n\n    <\/div>\n\n\n\n\n\n\n\n\n<\/div>\n            <\/div>\n<\/section>\n","protected":false},"excerpt":{"rendered":"<p>VDL De Meeuw Belgi\u00eb bouwt eerste modulaire cleanroom volgens strengste EU-normen voor UZ Gent<\/p>\n<p>In samenwerking met gespecialiseerde partners realiseerde VDL De Meeuw Belgi\u00eb een technisch hoogstaand, modulair ziekenhuislabo voor UZ Gent. Het gebouw, dat voldoet aan de strengste Europese cleanroom-normen (PIC\/S), is een primeur in Belgi\u00eb en speelt in op de toekomstige regelgeving voor ziekenhuisapotheken. Dankzij de modulaire aanpak blijft het labo flexibel inzetbaar binnen de geplande campusvernieuwing van het ziekenhuis.<\/p>\n","protected":false},"featured_media":6724,"template":"","news-category":[20],"class_list":["post-7210","news","type-news","status-publish","has-post-thumbnail","hentry"],"acf":[],"yoast_head":"<title>De Meeuw wordt VDL De Meeuw - VDL De Meeuw BE<\/title>\n<meta name=\"robots\" content=\"index, follow, max-snippet:-1, max-image-preview:large, max-video-preview:-1\" \/>\n<link rel=\"canonical\" href=\"https:\/\/vdldemeeuw.be\/nl\/nieuws\/de-meeuw-wordt-vdl-de-meeuw\/\" \/>\n<meta property=\"og:locale\" content=\"nl_BE\" \/>\n<meta property=\"og:type\" content=\"article\" \/>\n<meta property=\"og:title\" content=\"De Meeuw wordt VDL De Meeuw - VDL De Meeuw BE\" \/>\n<meta property=\"og:description\" content=\"VDL De Meeuw Belgi\u00eb bouwt eerste modulaire cleanroom volgens strengste EU-normen voor UZ Gent In samenwerking met gespecialiseerde partners realiseerde VDL De Meeuw Belgi\u00eb een technisch hoogstaand, modulair ziekenhuislabo voor UZ Gent. Het gebouw, dat voldoet aan de strengste Europese cleanroom-normen (PIC\/S), is een primeur in Belgi\u00eb en speelt in op de toekomstige regelgeving voor ziekenhuisapotheken. Dankzij de modulaire aanpak blijft het labo flexibel inzetbaar binnen de geplande campusvernieuwing van het ziekenhuis.\" \/>\n<meta property=\"og:url\" content=\"https:\/\/vdldemeeuw.be\/nl\/nieuws\/de-meeuw-wordt-vdl-de-meeuw\/\" \/>\n<meta property=\"og:site_name\" content=\"VDL De Meeuw BE\" \/>\n<meta property=\"article:modified_time\" content=\"2025-06-05T09:45:47+00:00\" \/>\n<meta property=\"og:image\" content=\"https:\/\/vdldemeeuw.be\/nl\/wp-content\/uploads\/sites\/2\/2025\/05\/DSC_2768-web-1.jpg\" \/>\n\t<meta property=\"og:image:width\" content=\"800\" \/>\n\t<meta property=\"og:image:height\" content=\"532\" \/>\n\t<meta property=\"og:image:type\" content=\"image\/jpeg\" \/>\n<meta name=\"twitter:card\" content=\"summary_large_image\" \/>\n<meta name=\"twitter:label1\" content=\"Geschatte leestijd\" \/>\n\t<meta name=\"twitter:data1\" content=\"3 minuten\" \/>\n<script type=\"application\/ld+json\" class=\"yoast-schema-graph\">{\"@context\":\"https:\/\/schema.org\",\"@graph\":[{\"@type\":\"WebPage\",\"@id\":\"https:\/\/vdldemeeuw.be\/nl\/nieuws\/de-meeuw-wordt-vdl-de-meeuw\/\",\"url\":\"https:\/\/vdldemeeuw.be\/nl\/nieuws\/de-meeuw-wordt-vdl-de-meeuw\/\",\"name\":\"De Meeuw wordt VDL De Meeuw - VDL De Meeuw BE\",\"isPartOf\":{\"@id\":\"https:\/\/vdldemeeuw.be\/nl\/#website\"},\"primaryImageOfPage\":{\"@id\":\"https:\/\/vdldemeeuw.be\/nl\/nieuws\/de-meeuw-wordt-vdl-de-meeuw\/#primaryimage\"},\"image\":{\"@id\":\"https:\/\/vdldemeeuw.be\/nl\/nieuws\/de-meeuw-wordt-vdl-de-meeuw\/#primaryimage\"},\"thumbnailUrl\":\"https:\/\/vdldemeeuw.be\/nl\/wp-content\/uploads\/sites\/2\/2025\/05\/DSC_2768-web-1.jpg\",\"datePublished\":\"2023-05-26T09:21:00+00:00\",\"dateModified\":\"2025-06-05T09:45:47+00:00\",\"breadcrumb\":{\"@id\":\"https:\/\/vdldemeeuw.be\/nl\/nieuws\/de-meeuw-wordt-vdl-de-meeuw\/#breadcrumb\"},\"inLanguage\":\"nl-BE\",\"potentialAction\":[{\"@type\":\"ReadAction\",\"target\":[\"https:\/\/vdldemeeuw.be\/nl\/nieuws\/de-meeuw-wordt-vdl-de-meeuw\/\"]}]},{\"@type\":\"ImageObject\",\"inLanguage\":\"nl-BE\",\"@id\":\"https:\/\/vdldemeeuw.be\/nl\/nieuws\/de-meeuw-wordt-vdl-de-meeuw\/#primaryimage\",\"url\":\"https:\/\/vdldemeeuw.be\/nl\/wp-content\/uploads\/sites\/2\/2025\/05\/DSC_2768-web-1.jpg\",\"contentUrl\":\"https:\/\/vdldemeeuw.be\/nl\/wp-content\/uploads\/sites\/2\/2025\/05\/DSC_2768-web-1.jpg\",\"width\":800,\"height\":532},{\"@type\":\"BreadcrumbList\",\"@id\":\"https:\/\/vdldemeeuw.be\/nl\/nieuws\/de-meeuw-wordt-vdl-de-meeuw\/#breadcrumb\",\"itemListElement\":[{\"@type\":\"ListItem\",\"position\":1,\"name\":\"\",\"item\":\"https:\/\/vdldemeeuw.be\/nl\/\"},{\"@type\":\"ListItem\",\"position\":2,\"name\":\"Nieuws\",\"item\":\"https:\/\/vdldemeeuw.be\/nl\/nieuws\/\"},{\"@type\":\"ListItem\",\"position\":3,\"name\":\"De Meeuw wordt VDL De Meeuw\"}]},{\"@type\":\"WebSite\",\"@id\":\"https:\/\/vdldemeeuw.be\/nl\/#website\",\"url\":\"https:\/\/vdldemeeuw.be\/nl\/\",\"name\":\"VDL De Meeuw BE\",\"description\":\"\",\"potentialAction\":[{\"@type\":\"SearchAction\",\"target\":{\"@type\":\"EntryPoint\",\"urlTemplate\":\"https:\/\/vdldemeeuw.be\/nl\/?zoek-term={search_term_string}\"},\"query-input\":{\"@type\":\"PropertyValueSpecification\",\"valueRequired\":true,\"valueName\":\"search_term_string\"}}],\"inLanguage\":\"nl-BE\"}]}<\/script>","yoast_head_json":{"title":"De Meeuw wordt VDL De Meeuw - VDL De Meeuw BE","robots":{"index":"index","follow":"follow","max-snippet":"max-snippet:-1","max-image-preview":"max-image-preview:large","max-video-preview":"max-video-preview:-1"},"canonical":"https:\/\/vdldemeeuw.be\/nl\/nieuws\/de-meeuw-wordt-vdl-de-meeuw\/","og_locale":"nl_BE","og_type":"article","og_title":"De Meeuw wordt VDL De Meeuw - VDL De Meeuw BE","og_description":"VDL De Meeuw Belgi\u00eb bouwt eerste modulaire cleanroom volgens strengste EU-normen voor UZ Gent In samenwerking met gespecialiseerde partners realiseerde VDL De Meeuw Belgi\u00eb een technisch hoogstaand, modulair ziekenhuislabo voor UZ Gent. Het gebouw, dat voldoet aan de strengste Europese cleanroom-normen (PIC\/S), is een primeur in Belgi\u00eb en speelt in op de toekomstige regelgeving voor ziekenhuisapotheken. Dankzij de modulaire aanpak blijft het labo flexibel inzetbaar binnen de geplande campusvernieuwing van het ziekenhuis.","og_url":"https:\/\/vdldemeeuw.be\/nl\/nieuws\/de-meeuw-wordt-vdl-de-meeuw\/","og_site_name":"VDL De Meeuw BE","article_modified_time":"2025-06-05T09:45:47+00:00","og_image":[{"width":800,"height":532,"url":"https:\/\/vdldemeeuw.be\/nl\/wp-content\/uploads\/sites\/2\/2025\/05\/DSC_2768-web-1.jpg","type":"image\/jpeg"}],"twitter_card":"summary_large_image","twitter_misc":{"Geschatte leestijd":"3 minuten"},"schema":{"@context":"https:\/\/schema.org","@graph":[{"@type":"WebPage","@id":"https:\/\/vdldemeeuw.be\/nl\/nieuws\/de-meeuw-wordt-vdl-de-meeuw\/","url":"https:\/\/vdldemeeuw.be\/nl\/nieuws\/de-meeuw-wordt-vdl-de-meeuw\/","name":"De Meeuw wordt VDL De Meeuw - VDL De Meeuw BE","isPartOf":{"@id":"https:\/\/vdldemeeuw.be\/nl\/#website"},"primaryImageOfPage":{"@id":"https:\/\/vdldemeeuw.be\/nl\/nieuws\/de-meeuw-wordt-vdl-de-meeuw\/#primaryimage"},"image":{"@id":"https:\/\/vdldemeeuw.be\/nl\/nieuws\/de-meeuw-wordt-vdl-de-meeuw\/#primaryimage"},"thumbnailUrl":"https:\/\/vdldemeeuw.be\/nl\/wp-content\/uploads\/sites\/2\/2025\/05\/DSC_2768-web-1.jpg","datePublished":"2023-05-26T09:21:00+00:00","dateModified":"2025-06-05T09:45:47+00:00","breadcrumb":{"@id":"https:\/\/vdldemeeuw.be\/nl\/nieuws\/de-meeuw-wordt-vdl-de-meeuw\/#breadcrumb"},"inLanguage":"nl-BE","potentialAction":[{"@type":"ReadAction","target":["https:\/\/vdldemeeuw.be\/nl\/nieuws\/de-meeuw-wordt-vdl-de-meeuw\/"]}]},{"@type":"ImageObject","inLanguage":"nl-BE","@id":"https:\/\/vdldemeeuw.be\/nl\/nieuws\/de-meeuw-wordt-vdl-de-meeuw\/#primaryimage","url":"https:\/\/vdldemeeuw.be\/nl\/wp-content\/uploads\/sites\/2\/2025\/05\/DSC_2768-web-1.jpg","contentUrl":"https:\/\/vdldemeeuw.be\/nl\/wp-content\/uploads\/sites\/2\/2025\/05\/DSC_2768-web-1.jpg","width":800,"height":532},{"@type":"BreadcrumbList","@id":"https:\/\/vdldemeeuw.be\/nl\/nieuws\/de-meeuw-wordt-vdl-de-meeuw\/#breadcrumb","itemListElement":[{"@type":"ListItem","position":1,"name":"","item":"https:\/\/vdldemeeuw.be\/nl\/"},{"@type":"ListItem","position":2,"name":"Nieuws","item":"https:\/\/vdldemeeuw.be\/nl\/nieuws\/"},{"@type":"ListItem","position":3,"name":"De Meeuw wordt VDL De Meeuw"}]},{"@type":"WebSite","@id":"https:\/\/vdldemeeuw.be\/nl\/#website","url":"https:\/\/vdldemeeuw.be\/nl\/","name":"VDL De Meeuw BE","description":"","potentialAction":[{"@type":"SearchAction","target":{"@type":"EntryPoint","urlTemplate":"https:\/\/vdldemeeuw.be\/nl\/?zoek-term={search_term_string}"},"query-input":{"@type":"PropertyValueSpecification","valueRequired":true,"valueName":"search_term_string"}}],"inLanguage":"nl-BE"}]}},"_links":{"self":[{"href":"https:\/\/vdldemeeuw.be\/nl\/wp-json\/wp\/v2\/news\/7210","targetHints":{"allow":["GET"]}}],"collection":[{"href":"https:\/\/vdldemeeuw.be\/nl\/wp-json\/wp\/v2\/news"}],"about":[{"href":"https:\/\/vdldemeeuw.be\/nl\/wp-json\/wp\/v2\/types\/news"}],"version-history":[{"count":1,"href":"https:\/\/vdldemeeuw.be\/nl\/wp-json\/wp\/v2\/news\/7210\/revisions"}],"predecessor-version":[{"id":7211,"href":"https:\/\/vdldemeeuw.be\/nl\/wp-json\/wp\/v2\/news\/7210\/revisions\/7211"}],"wp:featuredmedia":[{"embeddable":true,"href":"https:\/\/vdldemeeuw.be\/nl\/wp-json\/wp\/v2\/media\/6724"}],"wp:attachment":[{"href":"https:\/\/vdldemeeuw.be\/nl\/wp-json\/wp\/v2\/media?parent=7210"}],"wp:term":[{"taxonomy":"news-category","embeddable":true,"href":"https:\/\/vdldemeeuw.be\/nl\/wp-json\/wp\/v2\/news-category?post=7210"}],"curies":[{"name":"wp","href":"https:\/\/api.w.org\/{rel}","templated":true}]}}