{"id":5897,"date":"2025-01-05T11:48:00","date_gmt":"2025-01-05T10:48:00","guid":{"rendered":"https:\/\/vdldemeeuw.be\/fr\/?post_type=news&#038;p=5897"},"modified":"2025-06-30T16:57:17","modified_gmt":"2025-06-30T14:57:17","slug":"vdl-de-meeuw-remporte-un-contrat-cadre-pour-la-construction-de-maisons-de-detention-en-belgique","status":"publish","type":"news","link":"https:\/\/vdldemeeuw.be\/fr\/actualites\/vdl-de-meeuw-remporte-un-contrat-cadre-pour-la-construction-de-maisons-de-detention-en-belgique\/","title":{"rendered":"VDL De Meeuw remporte un contrat-cadre pour la construction de maisons de d\u00e9tention en Belgique"},"content":{"rendered":"\n<section class=\"novi-block block-row\"data-mb=\"regular\">\n    <div class=\"block-row__row row\">\n                \n\n<div class=\"novi-block block-column col col--1 col--lg-1\/1\">\n    \n<p class=\"novi-block block-paragraph\"data-mb=\"small\"><strong>VDL De Meeuw a \u00e9t\u00e9 s\u00e9lectionn\u00e9 par la R\u00e9gie des B\u00e2timents comme adjudicataire du contrat-cadre pour la construction de maisons de d\u00e9tention de petite taille en Belgique. Ces \u00e9tablissements innovants jouent un r\u00f4le cl\u00e9 dans l&rsquo;application des peines plus courtes, en mettant particuli\u00e8rement l&rsquo;accent sur la r\u00e9insertion sociale et le d\u00e9veloppement de l&rsquo;autonomie. VDL De Meeuw s&rsquo;est distingu\u00e9e comme le meilleur choix \u00e0 l&rsquo;issue de la proc\u00e9dure d&rsquo;appel d&rsquo;offres, principalement gr\u00e2ce \u00e0 sa m\u00e9thode de construction modulaire avanc\u00e9e, con\u00e7ue et d\u00e9velopp\u00e9e en interne. Outre les 600 unit\u00e9s dans les maisons de d\u00e9tention, le gouvernement f\u00e9d\u00e9ral peut utiliser le contrat-cadre pour d&rsquo;autres projets totalisant 500 unit\u00e9s de logement et d&rsquo;h\u00e9bergement suppl\u00e9mentaires.<\/strong><\/p>\n\n<p class=\"novi-block block-paragraph\"data-mb=\"small\"><strong><strong>Valeur de la commande<\/strong><\/strong><\/p>\n\n<p class=\"novi-block block-paragraph\"data-mb=\"small\">Le contrat-cadre, adjug\u00e9 pour une valeur de plus de 200 millions d&rsquo;euros, porte principalement sur la construction de maisons de d\u00e9tention r\u00e9parties \u00e0 travers toute la Belgique. VDL Meeuw, qui fait partie de VDL Groep, contribuera \u00e0 la r\u00e9alisation rapide et efficace de ces institutions gr\u00e2ce \u00e0 ces syst\u00e8mes de construction modulaire d\u00e9velopp\u00e9s par ses soins. Les m\u00e9thodes de construction pr\u00e9fabriqu\u00e9es pr\u00e9sentent plusieurs avantages : elles assurent la r\u00e9alisation rapide de b\u00e2timents pleinement fonctionnels qui r\u00e9pondent \u00e0 toutes les normes contemporaines.<\/p>\n\n<p class=\"novi-block block-paragraph\"data-mb=\"small\">Selon le contrat-cadre, le gouvernement f\u00e9d\u00e9ral peut acheter des unit\u00e9s de logement modulaires pour un total de 1100 places sur une p\u00e9riode de quatre ans. Sur ces unit\u00e9s, 600 sont destin\u00e9es \u00e0 plusieurs maisons de d\u00e9tention, tandis que les 500 restantes pourront \u00eatre utilis\u00e9es de mani\u00e8re flexible sur les sites souhait\u00e9s afin de r\u00e9pondre \u00e0 d&rsquo;autres besoins en mati\u00e8re d&rsquo;h\u00e9bergement. Il pourrait s&rsquo;agir d&rsquo;unit\u00e9s pour la D\u00e9fense et des centres destin\u00e9s \u00e0 l\u2019accueil des demandeurs d&rsquo;asile.<\/p>\n\n<p class=\"novi-block block-paragraph\"data-mb=\"small\"><strong><strong>Appel d\u2019offres<\/strong><\/strong><\/p>\n\n<p class=\"novi-block block-paragraph\"data-mb=\"small\">Au cours de la proc\u00e9dure d&rsquo;appel d&rsquo;offres, les points forts de la proposition de VDL De Meeuw et DETOO Architects ont \u00e9t\u00e9 largement reconnus. Le rapport d&rsquo;attribution r\u00e9v\u00e8le que les solutions propos\u00e9es apportent une valeur ajout\u00e9e substantielle sur plusieurs fronts :<\/p>\n\n<ul class=\"novi-block block-list block-list--type-unordered\"data-mb=\"small\">\n<li class=\"block-list__item\">\n<strong>Am\u00e9nagement efficace et s\u00e9curis\u00e9<\/strong>&nbsp;<strong>:<\/strong>&nbsp;la structure de couloirs droite et claire dans les unit\u00e9s de vie et les sections de chambres optimise la surveillance et les interventions du personnel p\u00e9nitentiaire. L&#8217;emplacement central des cages d&rsquo;escalier et des ascenseurs garantit une circulation optimale entre toutes les zones du b\u00e2timent.\n<\/li>\n\n\n<li class=\"block-list__item\">\n<strong>D\u00e9lais d&rsquo;ex\u00e9cution stricts :<\/strong>&nbsp;gr\u00e2ce au degr\u00e9 \u00e9lev\u00e9 de pr\u00e9fabrication, VDL De Meeuw est en mesure de respecter les d\u00e9lais d&rsquo;ex\u00e9cution stricts impos\u00e9s par la R\u00e9gie des B\u00e2timents.\n<\/li>\n\n\n<li class=\"block-list__item\">\n<strong>La durabilit\u00e9 comme priorit\u00e9 :<\/strong>&nbsp;la conception int\u00e8gre des technologies \u00e9nerg\u00e9tiques passives telles que l&rsquo;ombrage et la ventilation contr\u00f4l\u00e9e pour r\u00e9duire la consommation d&rsquo;\u00e9nergie. Une part d&rsquo;\u00e9nergie renouvelable d&rsquo;au moins 25 kWh\/an par m\u00b2 de surface au sol, gr\u00e2ce \u00e0 des pompes \u00e0 chaleur et des panneaux photovolta\u00efques, est aussi garantie.\n<\/li>\n\n<\/ul>\n\n<p class=\"novi-block block-paragraph\"data-mb=\"small\"><strong>Transition soci\u00e9tale<\/strong><\/p>\n\n<p class=\"novi-block block-paragraph\"data-mb=\"small\">Le pr\u00e9sident-directeur Willem van der Leegte de VDL Groep\u202f: \u00ab\u202fVDL De Meeuw est active dans notre univers Infratech, un important march\u00e9 de croissance pour VDL Groep. Compte tenu du grand besoin soci\u00e9tal en diverses formes de logement, nous voyons un fort potentiel sur le march\u00e9 de la construction modulaire. Cela nous permet de r\u00e9aliser l\u2019acc\u00e9l\u00e9ration souhait\u00e9e\u202f: avec des d\u00e9lais d\u2019ex\u00e9cution plus courts, une r\u00e9utilisabilit\u00e9, une durabilit\u00e9, et une apparence \u00e9quivalente \u00e0 celle de la construction traditionnelle. Nous sommes \u00e9galement pleinement engag\u00e9s dans cette transition soci\u00e9tale.\u202f\u00bb<\/p>\n\n<p class=\"novi-block block-paragraph\"data-mb=\"small\"><strong>Valeur ajout\u00e9e<\/strong><\/p>\n\n<p class=\"novi-block block-paragraph\"data-mb=\"small\">Hans Vonck, directeur de VDL De Meeuw Belgique\u202f: \u00ab\u202fNous sommes particuli\u00e8rement fiers de cette attribution. Cela d\u00e9montre que notre syst\u00e8me innovant de construction modulaire est non seulement de qualit\u00e9, mais aussi parfaitement capable de r\u00e9pondre aux exigences parfois tr\u00e8s strictes de ce type de b\u00e2timents. Cette reconnaissance nous motive \u00e0 nous investir pleinement pour mener ce projet \u00e0 bien. Cette mission offre en outre des garanties d\u2019emploi suppl\u00e9mentaires dans nos installations de production.\u202f\u00bb<\/p>\n<\/div>\n            <\/div>\n<\/section>\n\n\n\n\n\n    \n    <div class=\"novi-block video-block video-block--hover-effect-default video-block--enable-rounded-corners\"\n         data-video-loading=\"false\"\n         data-video-active=\"false\"\n         data-video-container-id=\"video-container-69f38d113d386\"\n         data-video-display=\"popup\"\n         data-video-type=\"youtube\"\n         data-video-identifier=\"0FMiv2bhKsc\"\n         data-mt=\"none\"         data-mb=\"small\">\n\n        <div class=\"video-block__inner\">\n\n            <figure class=\"video-block__image-container\">\n\n                <picture class=\"video-block__picture\" draggable=\"false\">\n\n                    \n                        <source media=\"(min-width: 481px)\" srcset=\"https:\/\/vdldemeeuw.be\/fr\/wp-content\/uploads\/sites\/2\/2025\/04\/sddefault-4.jpg\"\/>\n\n                        <source media=\"(min-width: 0px)\"\n                                srcset=\"https:\/\/vdldemeeuw.be\/fr\/wp-content\/uploads\/sites\/2\/2025\/04\/sddefault-4-640x450.jpg 2x, https:\/\/vdldemeeuw.be\/fr\/wp-content\/uploads\/sites\/2\/2025\/04\/sddefault-4-400x225.jpg\"\/>\n\n                    \n                    <img decoding=\"async\" loading=\"lazy\"\n                         class=\"video-block__image\"\n                         draggable=\"false\"\n                         src=\"https:\/\/vdldemeeuw.be\/fr\/wp-content\/uploads\/sites\/2\/2025\/04\/sddefault-4.jpg\"\n                         alt=\"sddefault (4)\"\n                         width=\"640px\"                         height=\"480px\"\/>\n\n                <\/picture>\n\n                \n                <span class=\"video-block__play\">\n                            <span class=\"video-block__play-inner\">\n                                <svg class=\"video-block__play-inner\">\n                                    <use xlink:href=\"https:\/\/vdldemeeuw.be\/fr\/wp-content\/themes\/novionline\/dist\/novionline-icons-9c67b6859f1525585c6967b61fae4ca7.svg#icon-video\"\/>\n                                <\/svg>\n                            <\/span>\n                            \n<div class=\"novi-loader novi-loader--theme-light\" role=\"presentation\">\n\n    <svg class=\"novi-loader__spinner\"\n         width=\"24px\"\n         height=\"24px\"\n         viewBox=\"0 0 66 66\"\n         xmlns=\"http:\/\/www.w3.org\/2000\/svg\">\n        <circle class=\"novi-loader__spinner-circle\"\n                fill=\"none\"\n                stroke-width=\"6\"\n                stroke-linecap=\"round\"\n                cx=\"33\"\n                cy=\"33\"\n                r=\"30\"\/>\n    <\/svg>\n\n    \n<\/div>                        <\/span>\n\n            <\/figure>\n\n        <\/div>\n\n    <\/div>\n\n\n\n\n\n\n<section class=\"novi-block block-row\"data-mb=\"regular\">\n    <div class=\"block-row__row row\">\n                \n\n<div class=\"novi-block block-column col col--1 col--lg-1\/1\">\n    \n<p class=\"novi-block block-paragraph\"data-mb=\"small\"><strong>\u00c0 propos de VDL Groep<\/strong><\/p>\n\n<p class=\"novi-block block-paragraph\"data-mb=\"small\">VDL De Meeuw, entreprise de r\u00e9f\u00e9rence dans les solutions de construction modulaire depuis pr\u00e8s de 100 ans, fait partie de VDL Groep. La force par la coop\u00e9ration, telle est la base de VDL Groep, entreprise familiale industrielle internationale dont le si\u00e8ge est situ\u00e9 dans la Brainport r\u00e9gio d\u2019Eindhoven. Fond\u00e9e en 1953, l\u2019entreprise est aujourd\u2019hui dirig\u00e9e, 70 ans plus tard, par la troisi\u00e8me g\u00e9n\u00e9ration de la famille Van der Leegte, et ce depuis 2017. VDL Groep emploie environ 15\u202f000 collaborateurs dans 20 pays. Le groupe regroupe plus de 100 soci\u00e9t\u00e9s op\u00e9rationnelles, chacune sp\u00e9cialis\u00e9e dans un domaine sp\u00e9cifique, et collaborant \u00e9troitement entre elles. Les activit\u00e9s de ces entreprises s\u2019articulent autour des \u00ab\u202fcinq univers de VDL\u202f\u00bb\u202f: Hightech, Mobility, Energy, Infratech et Foodtech. En 2023, le chiffre d\u2019affaires annuel combin\u00e9 s\u2019est \u00e9lev\u00e9 \u00e0 6,354 milliards d\u2019euros.<\/p>\n<\/div>\n            <\/div>\n<\/section>\n\n\n\n<section class=\"novi-block block-row\"data-mb=\"regular\">\n    <div class=\"block-row__row row block-row__row--preset-1\/2|1\/2\">\n                \n\n<div class=\"novi-block block-column col col--1 col--lg-1\/2\">\n    \n\n\n\n    <div class=\"novi-block block-image block-image--enable-rounded-corners\"\n         data-mt=\"none\"         data-mb=\"small\"         data-horizontal-align=\"centered\"\n         data-vertical-align=\"centered\"\n         data-mobile-align=\"centered\">\n\n        <figure class=\"block-image__inner\" style=\"max-width: 770px\">\n\n            \n            <div class=\"block-image__image-container\">\n\n                <picture class=\"block-image__picture\" draggable=\"false\">\n\n                    \n                        <source media=\"(min-width: 414px)\"\n                                width=\"770px\"\n                                height=\"495px\"\n                                srcset=\"https:\/\/vdldemeeuw.be\/fr\/wp-content\/uploads\/sites\/2\/2025\/04\/240429_D0196_BAS_G_Aerial.jpg\"\/>\n\n                        <source media=\"(min-width: 0px)\"\n                                width=\"360px\"\n                                height=\"231px\"\n                                srcset=\"https:\/\/vdldemeeuw.be\/fr\/wp-content\/uploads\/sites\/2\/2025\/04\/240429_D0196_BAS_G_Aerial-720x463.jpg 2x, https:\/\/vdldemeeuw.be\/fr\/wp-content\/uploads\/sites\/2\/2025\/04\/240429_D0196_BAS_G_Aerial-360x231.jpg\"\/>\n\n                    \n                    <img decoding=\"async\" loading=\"lazy\"\n                         class=\"block-image__image\"\n                         alt=\"240429_D0196_BAS_G_Aerial\"\n                         src=\"https:\/\/vdldemeeuw.be\/fr\/wp-content\/uploads\/sites\/2\/2025\/04\/240429_D0196_BAS_G_Aerial.jpg\"\n                         width=\"770px\"                         height=\"495px\"\/>\n\n                <\/picture>\n\n                                    <div class=\"block-image__holder block-image__holder--desktop\"\n                         style=\"aspect-ratio: 770\/495; max-width: 770px\">\n                    <\/div>\n                \n                                    <div class=\"block-image__holder block-image__holder--mobile\"\n                         style=\"aspect-ratio: 360\/231; max-width: 360px\">\n                    <\/div>\n                \n            <\/div>\n\n            \n            \n        <\/figure>\n\n    <\/div>\n\n\n\n\n<p class=\"novi-block block-paragraph\"data-mb=\"small\">Maisons de d\u00e9tention \u00e0 petite \u00e9chelle de 20, 40 et 60 places respectivement<br><\/p>\n<\/div>\n\n\n<div class=\"novi-block block-column col col--1 col--lg-1\/2\">\n    \n\n\n\n    <div class=\"novi-block block-image block-image--enable-rounded-corners\"\n         data-mt=\"none\"         data-mb=\"small\"         data-horizontal-align=\"centered\"\n         data-vertical-align=\"centered\"\n         data-mobile-align=\"centered\">\n\n        <figure class=\"block-image__inner\" style=\"max-width: 770px\">\n\n            \n            <div class=\"block-image__image-container\">\n\n                <picture class=\"block-image__picture\" draggable=\"false\">\n\n                    \n                        <source media=\"(min-width: 414px)\"\n                                width=\"770px\"\n                                height=\"495px\"\n                                srcset=\"https:\/\/vdldemeeuw.be\/fr\/wp-content\/uploads\/sites\/2\/2025\/04\/240429_D0196_BAS_G_Cloudy_RT.jpg\"\/>\n\n                        <source media=\"(min-width: 0px)\"\n                                width=\"360px\"\n                                height=\"231px\"\n                                srcset=\"https:\/\/vdldemeeuw.be\/fr\/wp-content\/uploads\/sites\/2\/2025\/04\/240429_D0196_BAS_G_Cloudy_RT-720x463.jpg 2x, https:\/\/vdldemeeuw.be\/fr\/wp-content\/uploads\/sites\/2\/2025\/04\/240429_D0196_BAS_G_Cloudy_RT-360x231.jpg\"\/>\n\n                    \n                    <img decoding=\"async\" loading=\"lazy\"\n                         class=\"block-image__image\"\n                         alt=\"240429_D0196_BAS_G_Cloudy_RT\"\n                         src=\"https:\/\/vdldemeeuw.be\/fr\/wp-content\/uploads\/sites\/2\/2025\/04\/240429_D0196_BAS_G_Cloudy_RT.jpg\"\n                         width=\"770px\"                         height=\"495px\"\/>\n\n                <\/picture>\n\n                                    <div class=\"block-image__holder block-image__holder--desktop\"\n                         style=\"aspect-ratio: 770\/495; max-width: 770px\">\n                    <\/div>\n                \n                                    <div class=\"block-image__holder block-image__holder--mobile\"\n                         style=\"aspect-ratio: 360\/231; max-width: 360px\">\n                    <\/div>\n                \n            <\/div>\n\n            \n            \n        <\/figure>\n\n    <\/div>\n\n\n\n\n<p class=\"novi-block block-paragraph\"data-mb=\"small\">Ces maisons de d\u00e9tention offrent la m\u00eame dur\u00e9e de vie que des constructions traditionnelles. Il ne s\u2019agit pas de solutions temporaires, mais de b\u00e2timents durables et fonctionnels con\u00e7us pour durer plusieurs d\u00e9cennies<\/p>\n<\/div>\n            <\/div>\n<\/section>\n\n\n\n<section class=\"novi-block block-row\"data-mb=\"regular\">\n    <div class=\"block-row__row row block-row__row--preset-1\/2|1\/2\">\n                \n\n<div class=\"novi-block block-column col col--1 col--lg-1\/2\">\n    \n\n\n\n    <div class=\"novi-block block-image block-image--enable-rounded-corners\"\n         data-mt=\"none\"         data-mb=\"small\"         data-horizontal-align=\"centered\"\n         data-vertical-align=\"centered\"\n         data-mobile-align=\"centered\">\n\n        <figure class=\"block-image__inner\" style=\"max-width: 770px\">\n\n            \n            <div class=\"block-image__image-container\">\n\n                <picture class=\"block-image__picture\" draggable=\"false\">\n\n                    \n                        <source media=\"(min-width: 414px)\"\n                                width=\"770px\"\n                                height=\"495px\"\n                                srcset=\"https:\/\/vdldemeeuw.be\/fr\/wp-content\/uploads\/sites\/2\/2025\/04\/240429_D0196_BAS_G_35-Photo.jpg\"\/>\n\n                        <source media=\"(min-width: 0px)\"\n                                width=\"360px\"\n                                height=\"231px\"\n                                srcset=\"https:\/\/vdldemeeuw.be\/fr\/wp-content\/uploads\/sites\/2\/2025\/04\/240429_D0196_BAS_G_35-Photo-720x463.jpg 2x, https:\/\/vdldemeeuw.be\/fr\/wp-content\/uploads\/sites\/2\/2025\/04\/240429_D0196_BAS_G_35-Photo-360x231.jpg\"\/>\n\n                    \n                    <img decoding=\"async\" loading=\"lazy\"\n                         class=\"block-image__image\"\n                         alt=\"240429_D0196_BAS_G_35-Photo\"\n                         src=\"https:\/\/vdldemeeuw.be\/fr\/wp-content\/uploads\/sites\/2\/2025\/04\/240429_D0196_BAS_G_35-Photo.jpg\"\n                         width=\"770px\"                         height=\"495px\"\/>\n\n                <\/picture>\n\n                                    <div class=\"block-image__holder block-image__holder--desktop\"\n                         style=\"aspect-ratio: 770\/495; max-width: 770px\">\n                    <\/div>\n                \n                                    <div class=\"block-image__holder block-image__holder--mobile\"\n                         style=\"aspect-ratio: 360\/231; max-width: 360px\">\n                    <\/div>\n                \n            <\/div>\n\n            \n            \n        <\/figure>\n\n    <\/div>\n\n\n\n\n<p class=\"novi-block block-paragraph\"data-mb=\"small\">La durabilit\u00e9 comme norme\u202f: normes d\u2019isolation strictes, \u00e9nergies renouvelables, techniques durables telles que les pompes \u00e0 chaleur, les panneaux solaires, la ventilation \u00e0 la demande et les toitures v\u00e9g\u00e9talis\u00e9es<\/p>\n<\/div>\n\n\n<div class=\"novi-block block-column col col--1 col--lg-1\/2\">\n    \n\n\n\n    <div class=\"novi-block block-image block-image--enable-rounded-corners\"\n         data-mt=\"none\"         data-mb=\"small\"         data-horizontal-align=\"centered\"\n         data-vertical-align=\"centered\"\n         data-mobile-align=\"centered\">\n\n        <figure class=\"block-image__inner\" style=\"max-width: 770px\">\n\n            \n            <div class=\"block-image__image-container\">\n\n                <picture class=\"block-image__picture\" draggable=\"false\">\n\n                    \n                        <source media=\"(min-width: 414px)\"\n                                width=\"770px\"\n                                height=\"495px\"\n                                srcset=\"https:\/\/vdldemeeuw.be\/fr\/wp-content\/uploads\/sites\/2\/2025\/04\/240429_D0196_BAS_G_49-Photo-gecropped.jpg\"\/>\n\n                        <source media=\"(min-width: 0px)\"\n                                width=\"360px\"\n                                height=\"231px\"\n                                srcset=\"https:\/\/vdldemeeuw.be\/fr\/wp-content\/uploads\/sites\/2\/2025\/04\/240429_D0196_BAS_G_49-Photo-gecropped-720x463.jpg 2x, https:\/\/vdldemeeuw.be\/fr\/wp-content\/uploads\/sites\/2\/2025\/04\/240429_D0196_BAS_G_49-Photo-gecropped-360x231.jpg\"\/>\n\n                    \n                    <img decoding=\"async\" loading=\"lazy\"\n                         class=\"block-image__image\"\n                         alt=\"240429_D0196_BAS_G_49-Photo-gecropped\"\n                         src=\"https:\/\/vdldemeeuw.be\/fr\/wp-content\/uploads\/sites\/2\/2025\/04\/240429_D0196_BAS_G_49-Photo-gecropped.jpg\"\n                         width=\"770px\"                         height=\"495px\"\/>\n\n                <\/picture>\n\n                                    <div class=\"block-image__holder block-image__holder--desktop\"\n                         style=\"aspect-ratio: 770\/495; max-width: 770px\">\n                    <\/div>\n                \n                                    <div class=\"block-image__holder block-image__holder--mobile\"\n                         style=\"aspect-ratio: 360\/231; max-width: 360px\">\n                    <\/div>\n                \n            <\/div>\n\n            \n            \n        <\/figure>\n\n    <\/div>\n\n\n\n\n<p class=\"novi-block block-paragraph\"data-mb=\"small\">Gr\u00e2ce \u00e0 notre approche modulaire, nous offrons un large \u00e9ventail d\u2019options esth\u00e9tiques, allant d\u2019un look \u00e9pur\u00e9 et moderne \u00e0 une apparence classique en briques<\/p>\n<\/div>\n            <\/div>\n<\/section>\n\n\n\n<section class=\"novi-block block-row\"data-mb=\"regular\">\n    <div class=\"block-row__row row block-row__row--preset-1\/2|1\/2\">\n                \n\n<div class=\"novi-block block-column col col--1 col--lg-1\/2\">\n    \n\n\n\n    <div class=\"novi-block block-image block-image--enable-rounded-corners\"\n         data-mt=\"none\"         data-mb=\"small\"         data-horizontal-align=\"centered\"\n         data-vertical-align=\"centered\"\n         data-mobile-align=\"centered\">\n\n        <figure class=\"block-image__inner\" style=\"max-width: 770px\">\n\n            \n            <div class=\"block-image__image-container\">\n\n                <picture class=\"block-image__picture\" draggable=\"false\">\n\n                    \n                        <source media=\"(min-width: 414px)\"\n                                width=\"770px\"\n                                height=\"495px\"\n                                srcset=\"https:\/\/vdldemeeuw.be\/fr\/wp-content\/uploads\/sites\/2\/2025\/04\/240429_D0196_BAS_G_Photo-6.jpg\"\/>\n\n                        <source media=\"(min-width: 0px)\"\n                                width=\"360px\"\n                                height=\"231px\"\n                                srcset=\"https:\/\/vdldemeeuw.be\/fr\/wp-content\/uploads\/sites\/2\/2025\/04\/240429_D0196_BAS_G_Photo-6-720x463.jpg 2x, https:\/\/vdldemeeuw.be\/fr\/wp-content\/uploads\/sites\/2\/2025\/04\/240429_D0196_BAS_G_Photo-6-360x231.jpg\"\/>\n\n                    \n                    <img decoding=\"async\" loading=\"lazy\"\n                         class=\"block-image__image\"\n                         alt=\"240429_D0196_BAS_G_Photo-6\"\n                         src=\"https:\/\/vdldemeeuw.be\/fr\/wp-content\/uploads\/sites\/2\/2025\/04\/240429_D0196_BAS_G_Photo-6.jpg\"\n                         width=\"770px\"                         height=\"495px\"\/>\n\n                <\/picture>\n\n                                    <div class=\"block-image__holder block-image__holder--desktop\"\n                         style=\"aspect-ratio: 770\/495; max-width: 770px\">\n                    <\/div>\n                \n                                    <div class=\"block-image__holder block-image__holder--mobile\"\n                         style=\"aspect-ratio: 360\/231; max-width: 360px\">\n                    <\/div>\n                \n            <\/div>\n\n            \n            \n        <\/figure>\n\n    <\/div>\n\n\n\n\n<p class=\"novi-block block-paragraph\"data-mb=\"small\">R\u00e9alisation rapide et respect strict des d\u00e9lais\u202f: \u00e9ch\u00e9ances courtes, planification rigoureuse et focus permanent sur la qualit\u00e9<\/p>\n<\/div>\n\n\n<div class=\"novi-block block-column col col--1 col--lg-1\/2\">\n    \n\n\n\n    <div class=\"novi-block block-image block-image--enable-rounded-corners\"\n         data-mt=\"none\"         data-mb=\"small\"         data-horizontal-align=\"centered\"\n         data-vertical-align=\"centered\"\n         data-mobile-align=\"centered\">\n\n        <figure class=\"block-image__inner\" style=\"max-width: 770px\">\n\n            \n            <div class=\"block-image__image-container\">\n\n                <picture class=\"block-image__picture\" draggable=\"false\">\n\n                    \n                        <source media=\"(min-width: 414px)\"\n                                width=\"770px\"\n                                height=\"495px\"\n                                srcset=\"https:\/\/vdldemeeuw.be\/fr\/wp-content\/uploads\/sites\/2\/2025\/04\/240429_D0196_BAS_G_48-Photo.jpg\"\/>\n\n                        <source media=\"(min-width: 0px)\"\n                                width=\"360px\"\n                                height=\"231px\"\n                                srcset=\"https:\/\/vdldemeeuw.be\/fr\/wp-content\/uploads\/sites\/2\/2025\/04\/240429_D0196_BAS_G_48-Photo-720x463.jpg 2x, https:\/\/vdldemeeuw.be\/fr\/wp-content\/uploads\/sites\/2\/2025\/04\/240429_D0196_BAS_G_48-Photo-360x231.jpg\"\/>\n\n                    \n                    <img decoding=\"async\" loading=\"lazy\"\n                         class=\"block-image__image\"\n                         alt=\"240429_D0196_BAS_G_48-Photo\"\n                         src=\"https:\/\/vdldemeeuw.be\/fr\/wp-content\/uploads\/sites\/2\/2025\/04\/240429_D0196_BAS_G_48-Photo.jpg\"\n                         width=\"770px\"                         height=\"495px\"\/>\n\n                <\/picture>\n\n                                    <div class=\"block-image__holder block-image__holder--desktop\"\n                         style=\"aspect-ratio: 770\/495; max-width: 770px\">\n                    <\/div>\n                \n                                    <div class=\"block-image__holder block-image__holder--mobile\"\n                         style=\"aspect-ratio: 360\/231; max-width: 360px\">\n                    <\/div>\n                \n            <\/div>\n\n            \n            \n        <\/figure>\n\n    <\/div>\n\n\n\n\n<p class=\"novi-block block-paragraph\"data-mb=\"small\">Flexibilit\u00e9 maximale\u202f: extensions, adaptations internes et mises \u00e0 niveau techniques faciles \u00e0 r\u00e9aliser, sans compromis sur la qualit\u00e9<\/p>\n<\/div>\n            <\/div>\n<\/section>\n","protected":false},"excerpt":{"rendered":"","protected":false},"featured_media":5906,"template":"","news-category":[20,37],"class_list":["post-5897","news","type-news","status-publish","has-post-thumbnail","hentry"],"acf":[],"yoast_head":"<title>La construction de maisons de d\u00e9tention | VDL De Meeuw<\/title>\n<meta name=\"description\" content=\"VDL De Meeuw a \u00e9t\u00e9 s\u00e9lectionn\u00e9 par la R\u00e9gie des B\u00e2timents pour construire les nouvelles maisons de d\u00e9tention \u00e0 taille humaine en Belgique.\" \/>\n<meta name=\"robots\" content=\"index, follow, max-snippet:-1, max-image-preview:large, max-video-preview:-1\" \/>\n<link rel=\"canonical\" href=\"https:\/\/vdldemeeuw.be\/fr\/actualites\/vdl-de-meeuw-remporte-un-contrat-cadre-pour-la-construction-de-maisons-de-detention-en-belgique\/\" \/>\n<meta property=\"og:locale\" content=\"fr_FR\" \/>\n<meta property=\"og:type\" content=\"article\" \/>\n<meta property=\"og:title\" content=\"La construction de maisons de d\u00e9tention | VDL De Meeuw\" \/>\n<meta property=\"og:description\" content=\"VDL De Meeuw a \u00e9t\u00e9 s\u00e9lectionn\u00e9 par la R\u00e9gie des B\u00e2timents pour construire les nouvelles maisons de d\u00e9tention \u00e0 taille humaine en Belgique.\" \/>\n<meta property=\"og:url\" content=\"https:\/\/vdldemeeuw.be\/fr\/actualites\/vdl-de-meeuw-remporte-un-contrat-cadre-pour-la-construction-de-maisons-de-detention-en-belgique\/\" \/>\n<meta property=\"og:site_name\" content=\"VDL De Meeuw FR\" \/>\n<meta property=\"article:modified_time\" content=\"2025-06-30T14:57:17+00:00\" \/>\n<meta property=\"og:image\" content=\"https:\/\/vdldemeeuw.be\/fr\/wp-content\/uploads\/sites\/2\/2025\/04\/240429_D0196_BAS_G_37-Photo.jpg\" \/>\n\t<meta property=\"og:image:width\" content=\"1920\" \/>\n\t<meta property=\"og:image:height\" content=\"814\" \/>\n\t<meta property=\"og:image:type\" content=\"image\/jpeg\" \/>\n<meta name=\"twitter:card\" content=\"summary_large_image\" \/>\n<meta name=\"twitter:label1\" content=\"Dur\u00e9e de lecture estim\u00e9e\" \/>\n\t<meta name=\"twitter:data1\" content=\"5 minutes\" \/>\n<script type=\"application\/ld+json\" class=\"yoast-schema-graph\">{\"@context\":\"https:\/\/schema.org\",\"@graph\":[{\"@type\":\"WebPage\",\"@id\":\"https:\/\/vdldemeeuw.be\/fr\/actualites\/vdl-de-meeuw-remporte-un-contrat-cadre-pour-la-construction-de-maisons-de-detention-en-belgique\/\",\"url\":\"https:\/\/vdldemeeuw.be\/fr\/actualites\/vdl-de-meeuw-remporte-un-contrat-cadre-pour-la-construction-de-maisons-de-detention-en-belgique\/\",\"name\":\"La construction de maisons de d\u00e9tention | VDL De Meeuw\",\"isPartOf\":{\"@id\":\"https:\/\/vdldemeeuw.be\/fr\/#website\"},\"primaryImageOfPage\":{\"@id\":\"https:\/\/vdldemeeuw.be\/fr\/actualites\/vdl-de-meeuw-remporte-un-contrat-cadre-pour-la-construction-de-maisons-de-detention-en-belgique\/#primaryimage\"},\"image\":{\"@id\":\"https:\/\/vdldemeeuw.be\/fr\/actualites\/vdl-de-meeuw-remporte-un-contrat-cadre-pour-la-construction-de-maisons-de-detention-en-belgique\/#primaryimage\"},\"thumbnailUrl\":\"https:\/\/vdldemeeuw.be\/fr\/wp-content\/uploads\/sites\/2\/2025\/04\/240429_D0196_BAS_G_37-Photo.jpg\",\"datePublished\":\"2025-01-05T10:48:00+00:00\",\"dateModified\":\"2025-06-30T14:57:17+00:00\",\"description\":\"VDL De Meeuw a \u00e9t\u00e9 s\u00e9lectionn\u00e9 par la R\u00e9gie des B\u00e2timents pour construire les nouvelles maisons de d\u00e9tention \u00e0 taille humaine en Belgique.\",\"breadcrumb\":{\"@id\":\"https:\/\/vdldemeeuw.be\/fr\/actualites\/vdl-de-meeuw-remporte-un-contrat-cadre-pour-la-construction-de-maisons-de-detention-en-belgique\/#breadcrumb\"},\"inLanguage\":\"fr-FR\",\"potentialAction\":[{\"@type\":\"ReadAction\",\"target\":[\"https:\/\/vdldemeeuw.be\/fr\/actualites\/vdl-de-meeuw-remporte-un-contrat-cadre-pour-la-construction-de-maisons-de-detention-en-belgique\/\"]}]},{\"@type\":\"ImageObject\",\"inLanguage\":\"fr-FR\",\"@id\":\"https:\/\/vdldemeeuw.be\/fr\/actualites\/vdl-de-meeuw-remporte-un-contrat-cadre-pour-la-construction-de-maisons-de-detention-en-belgique\/#primaryimage\",\"url\":\"https:\/\/vdldemeeuw.be\/fr\/wp-content\/uploads\/sites\/2\/2025\/04\/240429_D0196_BAS_G_37-Photo.jpg\",\"contentUrl\":\"https:\/\/vdldemeeuw.be\/fr\/wp-content\/uploads\/sites\/2\/2025\/04\/240429_D0196_BAS_G_37-Photo.jpg\",\"width\":1920,\"height\":814},{\"@type\":\"BreadcrumbList\",\"@id\":\"https:\/\/vdldemeeuw.be\/fr\/actualites\/vdl-de-meeuw-remporte-un-contrat-cadre-pour-la-construction-de-maisons-de-detention-en-belgique\/#breadcrumb\",\"itemListElement\":[{\"@type\":\"ListItem\",\"position\":1,\"name\":\"\",\"item\":\"https:\/\/vdldemeeuw.be\/fr\/\"},{\"@type\":\"ListItem\",\"position\":2,\"name\":\"News posts\",\"item\":\"https:\/\/vdldemeeuw.be\/fr\/actualites\/\"},{\"@type\":\"ListItem\",\"position\":3,\"name\":\"VDL De Meeuw remporte un contrat-cadre pour la construction de maisons de d\u00e9tention en Belgique\"}]},{\"@type\":\"WebSite\",\"@id\":\"https:\/\/vdldemeeuw.be\/fr\/#website\",\"url\":\"https:\/\/vdldemeeuw.be\/fr\/\",\"name\":\"VDL De Meeuw FR\",\"description\":\"\",\"potentialAction\":[{\"@type\":\"SearchAction\",\"target\":{\"@type\":\"EntryPoint\",\"urlTemplate\":\"https:\/\/vdldemeeuw.be\/fr\/?search-query={search_term_string}\"},\"query-input\":{\"@type\":\"PropertyValueSpecification\",\"valueRequired\":true,\"valueName\":\"search_term_string\"}}],\"inLanguage\":\"fr-FR\"}]}<\/script>","yoast_head_json":{"title":"La construction de maisons de d\u00e9tention | VDL De Meeuw","description":"VDL De Meeuw a \u00e9t\u00e9 s\u00e9lectionn\u00e9 par la R\u00e9gie des B\u00e2timents pour construire les nouvelles maisons de d\u00e9tention \u00e0 taille humaine en Belgique.","robots":{"index":"index","follow":"follow","max-snippet":"max-snippet:-1","max-image-preview":"max-image-preview:large","max-video-preview":"max-video-preview:-1"},"canonical":"https:\/\/vdldemeeuw.be\/fr\/actualites\/vdl-de-meeuw-remporte-un-contrat-cadre-pour-la-construction-de-maisons-de-detention-en-belgique\/","og_locale":"fr_FR","og_type":"article","og_title":"La construction de maisons de d\u00e9tention | VDL De Meeuw","og_description":"VDL De Meeuw a \u00e9t\u00e9 s\u00e9lectionn\u00e9 par la R\u00e9gie des B\u00e2timents pour construire les nouvelles maisons de d\u00e9tention \u00e0 taille humaine en Belgique.","og_url":"https:\/\/vdldemeeuw.be\/fr\/actualites\/vdl-de-meeuw-remporte-un-contrat-cadre-pour-la-construction-de-maisons-de-detention-en-belgique\/","og_site_name":"VDL De Meeuw FR","article_modified_time":"2025-06-30T14:57:17+00:00","og_image":[{"width":1920,"height":814,"url":"https:\/\/vdldemeeuw.be\/fr\/wp-content\/uploads\/sites\/2\/2025\/04\/240429_D0196_BAS_G_37-Photo.jpg","type":"image\/jpeg"}],"twitter_card":"summary_large_image","twitter_misc":{"Dur\u00e9e de lecture estim\u00e9e":"5 minutes"},"schema":{"@context":"https:\/\/schema.org","@graph":[{"@type":"WebPage","@id":"https:\/\/vdldemeeuw.be\/fr\/actualites\/vdl-de-meeuw-remporte-un-contrat-cadre-pour-la-construction-de-maisons-de-detention-en-belgique\/","url":"https:\/\/vdldemeeuw.be\/fr\/actualites\/vdl-de-meeuw-remporte-un-contrat-cadre-pour-la-construction-de-maisons-de-detention-en-belgique\/","name":"La construction de maisons de d\u00e9tention | VDL De Meeuw","isPartOf":{"@id":"https:\/\/vdldemeeuw.be\/fr\/#website"},"primaryImageOfPage":{"@id":"https:\/\/vdldemeeuw.be\/fr\/actualites\/vdl-de-meeuw-remporte-un-contrat-cadre-pour-la-construction-de-maisons-de-detention-en-belgique\/#primaryimage"},"image":{"@id":"https:\/\/vdldemeeuw.be\/fr\/actualites\/vdl-de-meeuw-remporte-un-contrat-cadre-pour-la-construction-de-maisons-de-detention-en-belgique\/#primaryimage"},"thumbnailUrl":"https:\/\/vdldemeeuw.be\/fr\/wp-content\/uploads\/sites\/2\/2025\/04\/240429_D0196_BAS_G_37-Photo.jpg","datePublished":"2025-01-05T10:48:00+00:00","dateModified":"2025-06-30T14:57:17+00:00","description":"VDL De Meeuw a \u00e9t\u00e9 s\u00e9lectionn\u00e9 par la R\u00e9gie des B\u00e2timents pour construire les nouvelles maisons de d\u00e9tention \u00e0 taille humaine en Belgique.","breadcrumb":{"@id":"https:\/\/vdldemeeuw.be\/fr\/actualites\/vdl-de-meeuw-remporte-un-contrat-cadre-pour-la-construction-de-maisons-de-detention-en-belgique\/#breadcrumb"},"inLanguage":"fr-FR","potentialAction":[{"@type":"ReadAction","target":["https:\/\/vdldemeeuw.be\/fr\/actualites\/vdl-de-meeuw-remporte-un-contrat-cadre-pour-la-construction-de-maisons-de-detention-en-belgique\/"]}]},{"@type":"ImageObject","inLanguage":"fr-FR","@id":"https:\/\/vdldemeeuw.be\/fr\/actualites\/vdl-de-meeuw-remporte-un-contrat-cadre-pour-la-construction-de-maisons-de-detention-en-belgique\/#primaryimage","url":"https:\/\/vdldemeeuw.be\/fr\/wp-content\/uploads\/sites\/2\/2025\/04\/240429_D0196_BAS_G_37-Photo.jpg","contentUrl":"https:\/\/vdldemeeuw.be\/fr\/wp-content\/uploads\/sites\/2\/2025\/04\/240429_D0196_BAS_G_37-Photo.jpg","width":1920,"height":814},{"@type":"BreadcrumbList","@id":"https:\/\/vdldemeeuw.be\/fr\/actualites\/vdl-de-meeuw-remporte-un-contrat-cadre-pour-la-construction-de-maisons-de-detention-en-belgique\/#breadcrumb","itemListElement":[{"@type":"ListItem","position":1,"name":"","item":"https:\/\/vdldemeeuw.be\/fr\/"},{"@type":"ListItem","position":2,"name":"News posts","item":"https:\/\/vdldemeeuw.be\/fr\/actualites\/"},{"@type":"ListItem","position":3,"name":"VDL De Meeuw remporte un contrat-cadre pour la construction de maisons de d\u00e9tention en Belgique"}]},{"@type":"WebSite","@id":"https:\/\/vdldemeeuw.be\/fr\/#website","url":"https:\/\/vdldemeeuw.be\/fr\/","name":"VDL De Meeuw FR","description":"","potentialAction":[{"@type":"SearchAction","target":{"@type":"EntryPoint","urlTemplate":"https:\/\/vdldemeeuw.be\/fr\/?search-query={search_term_string}"},"query-input":{"@type":"PropertyValueSpecification","valueRequired":true,"valueName":"search_term_string"}}],"inLanguage":"fr-FR"}]}},"_links":{"self":[{"href":"https:\/\/vdldemeeuw.be\/fr\/wp-json\/wp\/v2\/news\/5897","targetHints":{"allow":["GET"]}}],"collection":[{"href":"https:\/\/vdldemeeuw.be\/fr\/wp-json\/wp\/v2\/news"}],"about":[{"href":"https:\/\/vdldemeeuw.be\/fr\/wp-json\/wp\/v2\/types\/news"}],"version-history":[{"count":4,"href":"https:\/\/vdldemeeuw.be\/fr\/wp-json\/wp\/v2\/news\/5897\/revisions"}],"predecessor-version":[{"id":10295,"href":"https:\/\/vdldemeeuw.be\/fr\/wp-json\/wp\/v2\/news\/5897\/revisions\/10295"}],"wp:featuredmedia":[{"embeddable":true,"href":"https:\/\/vdldemeeuw.be\/fr\/wp-json\/wp\/v2\/media\/5906"}],"wp:attachment":[{"href":"https:\/\/vdldemeeuw.be\/fr\/wp-json\/wp\/v2\/media?parent=5897"}],"wp:term":[{"taxonomy":"news-category","embeddable":true,"href":"https:\/\/vdldemeeuw.be\/fr\/wp-json\/wp\/v2\/news-category?post=5897"}],"curies":[{"name":"wp","href":"https:\/\/api.w.org\/{rel}","templated":true}]}}