{"id":11142,"date":"2026-02-09T10:58:00","date_gmt":"2026-02-09T09:58:00","guid":{"rendered":"https:\/\/vdldemeeuw.be\/fr\/?post_type=news&#038;p=11142"},"modified":"2026-03-17T18:01:56","modified_gmt":"2026-03-17T17:01:56","slug":"pourquoi-les-ecoles-repensent-aujourdhui-lespace-de-classe","status":"publish","type":"news","link":"https:\/\/vdldemeeuw.be\/fr\/actualites\/pourquoi-les-ecoles-repensent-aujourdhui-lespace-de-classe\/","title":{"rendered":"Pourquoi les \u00e9coles repensent aujourd\u2019hui l\u2019espace de classe"},"content":{"rendered":"<p class=\"novi-block block-paragraph\"data-mb=\"small\" style=\"font-size: 1.5rem\"><strong>Un d\u00e9fi majeur pour les directions et les d\u00e9cideurs<\/strong><\/p>\n\n<p class=\"novi-block block-paragraph\"data-mb=\"small\"><strong>L\u2019enseignement n\u2019est jamais \u00e0 l\u2019arr\u00eat. Pourtant, les b\u00e2timents scolaires sont encore trop souvent con\u00e7us comme si l\u2019avenir \u00e9tait d\u00e9j\u00e0 fig\u00e9. Les populations d\u2019\u00e9l\u00e8ves \u00e9voluent, les visions p\u00e9dagogiques changent et les \u00e9quipes collaborent diff\u00e9remment d\u2019il y a dix ans. On attend de l\u2019infrastructure qu\u2019elle absorbe tous ces changements, m\u00eame lorsqu\u2019elle n\u2019a pas \u00e9t\u00e9 con\u00e7ue pour cela. Cela cr\u00e9e des tensions, et de plus en plus d\u2019\u00e9coles le ressentent.<\/strong><\/p>\n\n<p class=\"novi-block block-paragraph\"data-mb=\"small\"><strong>Une tension silencieuse dans de nombreuses \u00e9coles<\/strong><\/p>\n\n<p class=\"novi-block block-paragraph\"data-mb=\"small\">De nombreuses directions d\u2019\u00e9cole reconnaissent cette tension. Il y a un besoin d\u2019espace suppl\u00e9mentaire, mais investir reste per\u00e7u comme risqu\u00e9. Il y a une vision, mais le b\u00e2timent ne suit pas toujours. Et il y a une pression pour anticiper l\u2019avenir, alors que les d\u00e9cisions semblent irr\u00e9versibles.<\/p>\n\n<p class=\"novi-block block-paragraph\"data-mb=\"small\">L\u2019infrastructure devient ainsi un enjeu strat\u00e9gique. Non pas parce qu\u2019il s\u2019agit de briques, mais parce qu\u2019elle d\u00e9termine en partie ce que l\u2019enseignement rend possible aujourd\u2019hui et demain. La question n\u2019est donc plus \u00ab que devons-nous construire ? \u00bb\u202f\u2014 la v\u00e9ritable question est : comment faire \u00e9voluer l\u2019infrastructure avec les besoins de l\u2019enseignement ?<\/p>\n\n<p class=\"novi-block block-paragraph\"data-mb=\"small\"><strong>De la propri\u00e9t\u00e9 \u00e0 l\u2019usage : une autre mani\u00e8re de penser<\/strong><\/p>\n\n<p class=\"novi-block block-paragraph\"data-mb=\"small\">Traditionnellement, les b\u00e2timents scolaires sont envisag\u00e9s sous l\u2019angle de la propri\u00e9t\u00e9. Un b\u00e2timent est con\u00e7u, construit et cens\u00e9 remplir la m\u00eame fonction pendant des d\u00e9cennies. Or, l\u2019enseignement ne fonctionne pas de mani\u00e8re aussi lin\u00e9aire.<\/p>\n\n<p class=\"novi-block block-paragraph\"data-mb=\"small\">De plus en plus d\u2019\u00e9coles adoptent d\u00e8s lors une autre logique : celle de l\u2019usage plut\u00f4t que de la propri\u00e9t\u00e9. Ce n\u2019est pas un simple levier financier, mais un choix p\u00e9dagogique et strat\u00e9gique. Lorsque l\u2019infrastructure est envisag\u00e9e comme un service, elle devient plus flexible, ses co\u00fbts sont pr\u00e9visibles et elle reste align\u00e9e sur la r\u00e9alit\u00e9 actuelle de l\u2019\u00e9cole.<\/p>\n\n<p class=\"novi-block block-paragraph\"data-mb=\"small\">Cela permet \u00e9galement aux \u00e9tablissements de r\u00e9agir plus rapidement, de se d\u00e9velopper par phases, de prendre des d\u00e9cisions sans tout figer \u00e0 l\u2019avance \u2014 tout en gardant l\u2019enseignement au centre.<\/p>\n\n<p class=\"novi-block block-paragraph\"data-mb=\"small\"><strong>L\u2019infrastructure comme levier p\u00e9dagogique<\/strong><\/p>\n\n<p class=\"novi-block block-paragraph\"data-mb=\"small\">Un environnement d\u2019apprentissage de qualit\u00e9 ne se limite pas \u00e0 abriter. Il influence la mani\u00e8re dont les \u00e9l\u00e8ves apprennent et dont les \u00e9quipes collaborent. La lumi\u00e8re, l\u2019acoustique, l\u2019ouverture, les lignes de vue et la proximit\u00e9 ne sont pas des d\u00e9tails. Ils d\u00e9terminent si la collaboration devient naturelle ou, au contraire, plus complexe.<\/p>\n\n<p class=\"novi-block block-paragraph\"data-mb=\"small\">Lorsque l\u2019infrastructure \u00e9volue avec les besoins, elle apporte de la s\u00e9r\u00e9nit\u00e9. Et cette s\u00e9r\u00e9nit\u00e9 est un facteur de r\u00e9ussite souvent sous-estim\u00e9 dans l\u2019enseignement. Pas seulement pour les \u00e9l\u00e8ves, mais aussi pour les directions et les d\u00e9cideurs :<br>s\u00e9r\u00e9nit\u00e9 dans la planification, dans la gestion budg\u00e9taire et dans la prise de d\u00e9cision.<\/p>\n\n<p class=\"novi-block block-paragraph\"data-mb=\"small\"><strong>Ce que nous apprend la pratique<\/strong><\/p>\n\n<p class=\"novi-block block-paragraph\"data-mb=\"small\">Un exemple particuli\u00e8rement parlant est celui de **LAB Sint-Niklaas**.<\/p>\n\n<p class=\"novi-block block-paragraph\"data-mb=\"small\">LAB s\u2019appuie sur une vision p\u00e9dagogique claire, o\u00f9 la collaboration, la transparence et la flexibilit\u00e9 occupent une place centrale. Cette vision n\u00e9cessitait une infrastructure qui ne contraint pas, mais qui soutient.<\/p>\n\n<p class=\"novi-block block-paragraph\"data-mb=\"small\">Le campus scolaire s\u2019est d\u00e9velopp\u00e9 par phases, enti\u00e8rement en phase avec le rythme de l\u2019\u00e9cole. Les cours ont pu se poursuivre sans perturbations li\u00e9es au chantier ni ruptures dans le fonctionnement.<\/p>\n\n<p class=\"novi-block block-paragraph\"data-mb=\"small\">\u00ab Notre infrastructure soutient activement notre mani\u00e8re d\u2019organiser l\u2019enseignement. Elle rend la collaboration simple et naturelle \u00bb, explique Esbjorn Fiers, directeur de LAB Sint-Niklaas.<\/p>\n\n<p class=\"novi-block block-paragraph\"data-mb=\"small\">Ce qui s\u2019est concr\u00e9tis\u00e9 ici n\u2019est pas le fruit du hasard.<\/p>\n\n<p class=\"novi-block block-paragraph\"data-mb=\"small\">C\u2019est le r\u00e9sultat d\u2019une approche de l\u2019infrastructure comme un levier strat\u00e9gique, et non comme un aboutissement.<\/p>\n\n<p class=\"novi-block block-paragraph\"data-mb=\"small\"><strong>Temporaire et permanent ne sont pas oppos\u00e9s<\/strong><\/p>\n\n<p class=\"novi-block block-paragraph\"data-mb=\"small\">Une id\u00e9e re\u00e7ue tenace consiste \u00e0 associer flexibilit\u00e9 \u00e0 temporaire, et permanence \u00e0 rigidit\u00e9.<\/p>\n\n<p class=\"novi-block block-paragraph\"data-mb=\"small\">En r\u00e9alit\u00e9, les \u00e9coles fonctionnent de plus en plus par phases : capacit\u00e9 temporaire en p\u00e9riode de croissance, solutions semi-permanentes en cas d\u2019incertitude, et infrastructures durables lorsque le moment est opportun.<\/p>\n\n<p class=\"novi-block block-paragraph\"data-mb=\"small\">L\u2019espace de classe modulaire rend cette \u00e9volution possible sans compromis sur la qualit\u00e9.<\/p>\n\n<p class=\"novi-block block-paragraph\"data-mb=\"small\">Il offre confort, continuit\u00e9 et adaptabilit\u00e9, quelle que soit la dur\u00e9e.<\/p>\n\n<p class=\"novi-block block-paragraph\"data-mb=\"small\">R\u00e9sultat : les directions peuvent agir aujourd\u2019hui, sans se retrouver bloqu\u00e9es demain.<\/p>\n\n<p class=\"novi-block block-paragraph\"data-mb=\"small\">Qu\u2019est-ce que cela signifie pour les directions et les d\u00e9cideurs ?<\/p>\n\n<p class=\"novi-block block-paragraph\"data-mb=\"small\">Pour les responsables d\u2019\u00e9tablissement et les d\u00e9cideurs, tout se r\u00e9sume \u00e0 quelques questions essentielles :<\/p>\n\n<p class=\"novi-block block-paragraph\"data-mb=\"small\">Peut-on prendre des d\u00e9cisions sans devoir tout anticiper ?<\/p>\n\n<p class=\"novi-block block-paragraph\"data-mb=\"small\">Peut-on \u00e9voluer sans se forcer ?<\/p>\n\n<p class=\"novi-block block-paragraph\"data-mb=\"small\">Et peut-on garder l\u2019enseignement au centre, m\u00eame lorsque le contexte change ?<\/p>\n\n<p class=\"novi-block block-paragraph\"data-mb=\"small\">Consid\u00e9rer l\u2019infrastructure comme un service permet pr\u00e9cis\u00e9ment de cr\u00e9er cet espace.<\/p>\n\n<p class=\"novi-block block-paragraph\"data-mb=\"small\">Un espace pour laisser l\u2019enseignement respirer.<\/p>\n\n<p class=\"novi-block block-paragraph\"data-mb=\"small\">Pr\u00eat pour une autre approche de l\u2019espace de classe ?<\/p>\n\n<p class=\"novi-block block-paragraph\"data-mb=\"small\">De plus en plus d\u2019\u00e9coles adoptent aujourd\u2019hui cette nouvelle mani\u00e8re de penser.<\/p>\n\n<p class=\"novi-block block-paragraph\"data-mb=\"small\">Non pas par contrainte, mais parce que cela s\u2019impose comme une \u00e9vidence.<\/p>\n\n<p class=\"novi-block block-paragraph\"data-mb=\"small\">Future Classroom-as-a-Service part de cette r\u00e9alit\u00e9 : des espaces de classe flexibles et complets, avec des co\u00fbts fixes et une prise en charge totale, adapt\u00e9s aux besoins de l\u2019enseignement, des directions et des d\u00e9cideurs.<\/p>\n\n<p class=\"novi-block block-paragraph\"data-mb=\"small\"><a href=\"https:\/\/vdldemeeuw.be\/fr\/contact\/\">Planifiez un \u00e9change exploratoire sur des espaces de classe qui \u00e9voluent avec vous.<\/a><\/p>\n\n<p class=\"novi-block block-paragraph\"data-mb=\"small\"><\/p>","protected":false},"excerpt":{"rendered":"<p>L\u2019enseignement \u00e9volue \u00e0 pas larges, tandis que les b\u00e2timents scolaires restent souvent statiques, cr\u00e9ant un d\u00e9calage entre la vision p\u00e9dagogique et l\u2019infrastructure. Les directions recherchent des solutions leur permettant de se d\u00e9velopper de mani\u00e8re flexible, sans devoir prendre des d\u00e9cisions lourdes et risqu\u00e9es. En consid\u00e9rant l\u2019infrastructure comme un service, l\u2019espace de classe devient plus convivial, \u00e9volutif et mieux adapt\u00e9 \u00e0 la r\u00e9alit\u00e9 des \u00e9coles. Des environnements d\u2019apprentissage de qualit\u00e9 favorisent la collaboration, apportent de la s\u00e9r\u00e9nit\u00e9 et renforcent la qualit\u00e9 p\u00e9dagogique. Des exemples comme LAB Sint-Niklaas montrent comment une infrastructure \u00e9volutive et r\u00e9alis\u00e9e par phases peut r\u00e9ellement faire progresser l\u2019enseignement. Temporaire, semi-permanent et permanent ne sont pas des oppos\u00e9s : la construction modulaire combine confort et adaptabilit\u00e9. Ainsi, les \u00e9coles peuvent prendre des d\u00e9cisions sans devoir tout anticiper, tout en gardant l\u2019enseignement au centre. Future Classroom as a Service  traduit cette approche en espaces de classe flexibles et complets, avec des co\u00fbts fixes et une prise en charge totale.<\/p>\n","protected":false},"featured_media":8257,"template":"","news-category":[20,15],"class_list":["post-11142","news","type-news","status-publish","has-post-thumbnail","hentry"],"acf":[],"yoast_head":"<title>Pourquoi les \u00e9coles repensent aujourd\u2019hui l\u2019espace de classe - VDL De Meeuw FR<\/title>\n<meta name=\"description\" content=\"Les \u00e9coles recherchent des espaces de classe flexibles sans risques majeurs. Future Classroom-as-a-Service combine confort, \u00e9volutivit\u00e9 et prise en charge compl\u00e8te.\" \/>\n<meta name=\"robots\" content=\"index, follow, max-snippet:-1, max-image-preview:large, max-video-preview:-1\" \/>\n<link rel=\"canonical\" href=\"https:\/\/vdldemeeuw.be\/fr\/actualites\/pourquoi-les-ecoles-repensent-aujourdhui-lespace-de-classe\/\" \/>\n<meta property=\"og:locale\" content=\"fr_FR\" \/>\n<meta property=\"og:type\" content=\"article\" \/>\n<meta property=\"og:title\" content=\"Pourquoi les \u00e9coles repensent aujourd\u2019hui l\u2019espace de classe - VDL De Meeuw FR\" \/>\n<meta property=\"og:description\" content=\"Les \u00e9coles recherchent des espaces de classe flexibles sans risques majeurs. Future Classroom-as-a-Service combine confort, \u00e9volutivit\u00e9 et prise en charge compl\u00e8te.\" \/>\n<meta property=\"og:url\" content=\"https:\/\/vdldemeeuw.be\/fr\/actualites\/pourquoi-les-ecoles-repensent-aujourdhui-lespace-de-classe\/\" \/>\n<meta property=\"og:site_name\" content=\"VDL De Meeuw FR\" \/>\n<meta property=\"article:modified_time\" content=\"2026-03-17T17:01:56+00:00\" \/>\n<meta name=\"twitter:card\" content=\"summary_large_image\" \/>\n<meta name=\"twitter:label1\" content=\"Dur\u00e9e de lecture estim\u00e9e\" \/>\n\t<meta name=\"twitter:data1\" content=\"5 minutes\" \/>\n<script type=\"application\/ld+json\" class=\"yoast-schema-graph\">{\"@context\":\"https:\/\/schema.org\",\"@graph\":[{\"@type\":\"WebPage\",\"@id\":\"https:\/\/vdldemeeuw.be\/fr\/actualites\/pourquoi-les-ecoles-repensent-aujourdhui-lespace-de-classe\/\",\"url\":\"https:\/\/vdldemeeuw.be\/fr\/actualites\/pourquoi-les-ecoles-repensent-aujourdhui-lespace-de-classe\/\",\"name\":\"Pourquoi les \u00e9coles repensent aujourd\u2019hui l\u2019espace de classe - VDL De Meeuw FR\",\"isPartOf\":{\"@id\":\"https:\/\/vdldemeeuw.be\/fr\/#website\"},\"primaryImageOfPage\":{\"@id\":\"https:\/\/vdldemeeuw.be\/fr\/actualites\/pourquoi-les-ecoles-repensent-aujourdhui-lespace-de-classe\/#primaryimage\"},\"image\":{\"@id\":\"https:\/\/vdldemeeuw.be\/fr\/actualites\/pourquoi-les-ecoles-repensent-aujourdhui-lespace-de-classe\/#primaryimage\"},\"thumbnailUrl\":\"https:\/\/vdldemeeuw.be\/fr\/wp-content\/uploads\/sites\/2\/2026\/02\/Future-Classroom-as-a-Service.jpg\",\"datePublished\":\"2026-02-09T09:58:00+00:00\",\"dateModified\":\"2026-03-17T17:01:56+00:00\",\"description\":\"Les \u00e9coles recherchent des espaces de classe flexibles sans risques majeurs. Future Classroom-as-a-Service combine confort, \u00e9volutivit\u00e9 et prise en charge compl\u00e8te.\",\"breadcrumb\":{\"@id\":\"https:\/\/vdldemeeuw.be\/fr\/actualites\/pourquoi-les-ecoles-repensent-aujourdhui-lespace-de-classe\/#breadcrumb\"},\"inLanguage\":\"fr-FR\",\"potentialAction\":[{\"@type\":\"ReadAction\",\"target\":[\"https:\/\/vdldemeeuw.be\/fr\/actualites\/pourquoi-les-ecoles-repensent-aujourdhui-lespace-de-classe\/\"]}]},{\"@type\":\"ImageObject\",\"inLanguage\":\"fr-FR\",\"@id\":\"https:\/\/vdldemeeuw.be\/fr\/actualites\/pourquoi-les-ecoles-repensent-aujourdhui-lespace-de-classe\/#primaryimage\",\"url\":\"https:\/\/vdldemeeuw.be\/fr\/wp-content\/uploads\/sites\/2\/2026\/02\/Future-Classroom-as-a-Service.jpg\",\"contentUrl\":\"https:\/\/vdldemeeuw.be\/fr\/wp-content\/uploads\/sites\/2\/2026\/02\/Future-Classroom-as-a-Service.jpg\"},{\"@type\":\"BreadcrumbList\",\"@id\":\"https:\/\/vdldemeeuw.be\/fr\/actualites\/pourquoi-les-ecoles-repensent-aujourdhui-lespace-de-classe\/#breadcrumb\",\"itemListElement\":[{\"@type\":\"ListItem\",\"position\":1,\"name\":\"\",\"item\":\"https:\/\/vdldemeeuw.be\/fr\/\"},{\"@type\":\"ListItem\",\"position\":2,\"name\":\"News posts\",\"item\":\"https:\/\/vdldemeeuw.be\/fr\/actualites\/\"},{\"@type\":\"ListItem\",\"position\":3,\"name\":\"Pourquoi les \u00e9coles repensent aujourd\u2019hui l\u2019espace de classe\"}]},{\"@type\":\"WebSite\",\"@id\":\"https:\/\/vdldemeeuw.be\/fr\/#website\",\"url\":\"https:\/\/vdldemeeuw.be\/fr\/\",\"name\":\"VDL De Meeuw FR\",\"description\":\"\",\"potentialAction\":[{\"@type\":\"SearchAction\",\"target\":{\"@type\":\"EntryPoint\",\"urlTemplate\":\"https:\/\/vdldemeeuw.be\/fr\/?search-query={search_term_string}\"},\"query-input\":{\"@type\":\"PropertyValueSpecification\",\"valueRequired\":true,\"valueName\":\"search_term_string\"}}],\"inLanguage\":\"fr-FR\"}]}<\/script>","yoast_head_json":{"title":"Pourquoi les \u00e9coles repensent aujourd\u2019hui l\u2019espace de classe - VDL De Meeuw FR","description":"Les \u00e9coles recherchent des espaces de classe flexibles sans risques majeurs. Future Classroom-as-a-Service combine confort, \u00e9volutivit\u00e9 et prise en charge compl\u00e8te.","robots":{"index":"index","follow":"follow","max-snippet":"max-snippet:-1","max-image-preview":"max-image-preview:large","max-video-preview":"max-video-preview:-1"},"canonical":"https:\/\/vdldemeeuw.be\/fr\/actualites\/pourquoi-les-ecoles-repensent-aujourdhui-lespace-de-classe\/","og_locale":"fr_FR","og_type":"article","og_title":"Pourquoi les \u00e9coles repensent aujourd\u2019hui l\u2019espace de classe - VDL De Meeuw FR","og_description":"Les \u00e9coles recherchent des espaces de classe flexibles sans risques majeurs. Future Classroom-as-a-Service combine confort, \u00e9volutivit\u00e9 et prise en charge compl\u00e8te.","og_url":"https:\/\/vdldemeeuw.be\/fr\/actualites\/pourquoi-les-ecoles-repensent-aujourdhui-lespace-de-classe\/","og_site_name":"VDL De Meeuw FR","article_modified_time":"2026-03-17T17:01:56+00:00","twitter_card":"summary_large_image","twitter_misc":{"Dur\u00e9e de lecture estim\u00e9e":"5 minutes"},"schema":{"@context":"https:\/\/schema.org","@graph":[{"@type":"WebPage","@id":"https:\/\/vdldemeeuw.be\/fr\/actualites\/pourquoi-les-ecoles-repensent-aujourdhui-lespace-de-classe\/","url":"https:\/\/vdldemeeuw.be\/fr\/actualites\/pourquoi-les-ecoles-repensent-aujourdhui-lespace-de-classe\/","name":"Pourquoi les \u00e9coles repensent aujourd\u2019hui l\u2019espace de classe - VDL De Meeuw FR","isPartOf":{"@id":"https:\/\/vdldemeeuw.be\/fr\/#website"},"primaryImageOfPage":{"@id":"https:\/\/vdldemeeuw.be\/fr\/actualites\/pourquoi-les-ecoles-repensent-aujourdhui-lespace-de-classe\/#primaryimage"},"image":{"@id":"https:\/\/vdldemeeuw.be\/fr\/actualites\/pourquoi-les-ecoles-repensent-aujourdhui-lespace-de-classe\/#primaryimage"},"thumbnailUrl":"https:\/\/vdldemeeuw.be\/fr\/wp-content\/uploads\/sites\/2\/2026\/02\/Future-Classroom-as-a-Service.jpg","datePublished":"2026-02-09T09:58:00+00:00","dateModified":"2026-03-17T17:01:56+00:00","description":"Les \u00e9coles recherchent des espaces de classe flexibles sans risques majeurs. Future Classroom-as-a-Service combine confort, \u00e9volutivit\u00e9 et prise en charge compl\u00e8te.","breadcrumb":{"@id":"https:\/\/vdldemeeuw.be\/fr\/actualites\/pourquoi-les-ecoles-repensent-aujourdhui-lespace-de-classe\/#breadcrumb"},"inLanguage":"fr-FR","potentialAction":[{"@type":"ReadAction","target":["https:\/\/vdldemeeuw.be\/fr\/actualites\/pourquoi-les-ecoles-repensent-aujourdhui-lespace-de-classe\/"]}]},{"@type":"ImageObject","inLanguage":"fr-FR","@id":"https:\/\/vdldemeeuw.be\/fr\/actualites\/pourquoi-les-ecoles-repensent-aujourdhui-lespace-de-classe\/#primaryimage","url":"https:\/\/vdldemeeuw.be\/fr\/wp-content\/uploads\/sites\/2\/2026\/02\/Future-Classroom-as-a-Service.jpg","contentUrl":"https:\/\/vdldemeeuw.be\/fr\/wp-content\/uploads\/sites\/2\/2026\/02\/Future-Classroom-as-a-Service.jpg"},{"@type":"BreadcrumbList","@id":"https:\/\/vdldemeeuw.be\/fr\/actualites\/pourquoi-les-ecoles-repensent-aujourdhui-lespace-de-classe\/#breadcrumb","itemListElement":[{"@type":"ListItem","position":1,"name":"","item":"https:\/\/vdldemeeuw.be\/fr\/"},{"@type":"ListItem","position":2,"name":"News posts","item":"https:\/\/vdldemeeuw.be\/fr\/actualites\/"},{"@type":"ListItem","position":3,"name":"Pourquoi les \u00e9coles repensent aujourd\u2019hui l\u2019espace de classe"}]},{"@type":"WebSite","@id":"https:\/\/vdldemeeuw.be\/fr\/#website","url":"https:\/\/vdldemeeuw.be\/fr\/","name":"VDL De Meeuw FR","description":"","potentialAction":[{"@type":"SearchAction","target":{"@type":"EntryPoint","urlTemplate":"https:\/\/vdldemeeuw.be\/fr\/?search-query={search_term_string}"},"query-input":{"@type":"PropertyValueSpecification","valueRequired":true,"valueName":"search_term_string"}}],"inLanguage":"fr-FR"}]}},"_links":{"self":[{"href":"https:\/\/vdldemeeuw.be\/fr\/wp-json\/wp\/v2\/news\/11142","targetHints":{"allow":["GET"]}}],"collection":[{"href":"https:\/\/vdldemeeuw.be\/fr\/wp-json\/wp\/v2\/news"}],"about":[{"href":"https:\/\/vdldemeeuw.be\/fr\/wp-json\/wp\/v2\/types\/news"}],"version-history":[{"count":1,"href":"https:\/\/vdldemeeuw.be\/fr\/wp-json\/wp\/v2\/news\/11142\/revisions"}],"predecessor-version":[{"id":11143,"href":"https:\/\/vdldemeeuw.be\/fr\/wp-json\/wp\/v2\/news\/11142\/revisions\/11143"}],"wp:featuredmedia":[{"embeddable":true,"href":"https:\/\/vdldemeeuw.be\/fr\/wp-json\/"}],"wp:attachment":[{"href":"https:\/\/vdldemeeuw.be\/fr\/wp-json\/wp\/v2\/media?parent=11142"}],"wp:term":[{"taxonomy":"news-category","embeddable":true,"href":"https:\/\/vdldemeeuw.be\/fr\/wp-json\/wp\/v2\/news-category?post=11142"}],"curies":[{"name":"wp","href":"https:\/\/api.w.org\/{rel}","templated":true}]}}