{"id":11137,"date":"2025-09-25T15:30:00","date_gmt":"2025-09-25T13:30:00","guid":{"rendered":"https:\/\/vdldemeeuw.be\/fr\/?post_type=news&#038;p=11137"},"modified":"2026-03-17T17:55:08","modified_gmt":"2026-03-17T16:55:08","slug":"un-campus-scolaire-colore-a-saint-nicolas-entierement-realise-en-35-ans","status":"publish","type":"news","link":"https:\/\/vdldemeeuw.be\/fr\/actualites\/un-campus-scolaire-colore-a-saint-nicolas-entierement-realise-en-35-ans\/","title":{"rendered":"Un campus scolaire color\u00e9 \u00e0 Saint-Nicolas : enti\u00e8rement r\u00e9alis\u00e9 en 3,5 ans"},"content":{"rendered":"<p class=\"novi-block block-paragraph\"data-mb=\"small\"><strong>\u00c0 Saint-Nicolas, un environnement d\u2019apprentissage unique a vu le jour \u00e0 un rythme soutenu, combinant construction modulaire et vision p\u00e9dagogique innovante. En 3,5 ans, VDL De Meeuw a r\u00e9alis\u00e9, avec LAB Sint-Niklaas, quatre b\u00e2timents scolaires permanents destin\u00e9s \u00e0 600 \u00e9l\u00e8ves et 60 membres du personnel. Le campus est con\u00e7u selon des principes modulaires et circulaires, tout en constituant un lieu d\u2019apprentissage complet et r\u00e9solument tourn\u00e9 vers l\u2019avenir.<\/strong><\/p>\n\n<p class=\"novi-block block-paragraph\"data-mb=\"small\">Le concept LAB repose sur la collaboration \u00e0 tous les niveaux. Cette vision se traduit concr\u00e8tement dans l\u2019architecture : pas de longs couloirs ni de salles cloisonn\u00e9es, mais des espaces d\u2019apprentissage ouverts, des zones de travail en \u00e9quipe et une grande transparence gr\u00e2ce \u00e0 l\u2019usage du verre. Le contact visuel favorise les \u00e9changes spontan\u00e9s et renforce le sentiment de connexion entre \u00e9l\u00e8ves, enseignants et direction.<\/p>\n\n<p class=\"novi-block block-paragraph\"data-mb=\"small\"><strong>R\u00e9alisation phas\u00e9e avec un minimum de nuisances<\/strong><\/p>\n\n<p class=\"novi-block block-paragraph\"data-mb=\"small\">L\u2019\u00e9cole s\u2019est d\u00e9velopp\u00e9e progressivement en fonction de l\u2019\u00e9volution du nombre d\u2019\u00e9l\u00e8ves. Chaque ann\u00e9e scolaire, au moins un nouveau b\u00e2timent a \u00e9t\u00e9 ajout\u00e9 ; \u00e0 chaque fois install\u00e9 rapidement, silencieusement et en toute s\u00e9curit\u00e9.<br>&nbsp;Gr\u00e2ce \u00e0 l\u2019approche modulaire, le campus a pu s\u2019agrandir sans perturber les cours.<br>&nbsp;Dans un environnement scolaire actif, cela s\u2019est av\u00e9r\u00e9 \u00eatre un atout essentiel.<\/p>\n\n<p class=\"novi-block block-paragraph\"data-mb=\"small\"><strong>Confort et exp\u00e9rience pour tous<\/strong><\/p>\n\n<p class=\"novi-block block-paragraph\"data-mb=\"small\">Un environnement d\u2019apprentissage moderne ne se limite pas \u00e0 quatre murs et un toit. Les b\u00e2timents ont \u00e9t\u00e9 con\u00e7us pour offrir un maximum de lumi\u00e8re naturelle, un climat int\u00e9rieur sain ainsi qu\u2019un confort acoustique et thermique. Associ\u00e9 aux espaces ext\u00e9rieurs verdoyants, cela cr\u00e9e un cadre dans lequel \u00e9l\u00e8ves, enseignants et parents se sentent imm\u00e9diatement \u00e0 l\u2019aise.<\/p>\n\n<p class=\"novi-block block-paragraph\"data-mb=\"small\"><strong>La passerelle comme symbole de connexion<\/strong><\/p>\n\n<p class=\"novi-block block-paragraph\"data-mb=\"small\">\u00c9l\u00e9ment embl\u00e9matique du campus, la passerelle hexagonale situ\u00e9e au premier \u00e9tage. Elle relie les diff\u00e9rents b\u00e2timents non seulement physiquement, mais aussi symboliquement. Avec un ascenseur central et une accessibilit\u00e9 optimale pour tous les \u00e9l\u00e8ves, elle incarne parfaitement la notion de connexion au c\u0153ur du projet p\u00e9dagogique de l\u2019\u00e9cole LAB.<\/p>\n\n<p class=\"novi-block block-paragraph\"data-mb=\"small\"><strong>Flexible et durable<\/strong><\/p>\n\n<p class=\"novi-block block-paragraph\"data-mb=\"small\">Les b\u00e2timents de LAB Sint-Niklaas sont con\u00e7us pour \u00eatre facilement r\u00e9affect\u00e9s et r\u00e9am\u00e9nag\u00e9s. Un \u00e9pisode inattendu en t\u00e9moigne : lorsqu\u2019une entreprise voisine a \u00e9t\u00e9 touch\u00e9e par un incendie, l\u2019\u00e9cole a temporairement mis \u00e0 disposition une partie de l\u2019\u00e9tage sup\u00e9rieur du b\u00e2timent bleu. Un bel exemple de la capacit\u00e9 d\u2019adaptation d\u2019une infrastructure modulaire face \u00e0 de nouveaux besoins.<\/p>\n\n<p class=\"novi-block block-paragraph\"data-mb=\"small\"><strong>Un campus qui r\u00e9unit vision et avenir<\/strong><\/p>\n\n<p class=\"novi-block block-paragraph\"data-mb=\"small\">Avec ce projet, LAB Sint-Niklaas d\u00e9montre comment une vision p\u00e9dagogique claire et des solutions de construction innovantes peuvent se renforcer mutuellement. Le r\u00e9sultat est un campus qui inspire aujourd\u2019hui et qui peut continuer \u00e0 \u00e9voluer demain.<\/p>\n\n<p class=\"novi-block block-paragraph\"data-mb=\"small\"><a href=\"https:\/\/vdldemeeuw.be\/fr\/projets\/ecole-lab-sint-niklaas\/\">D\u00e9couvrez le projet complet sur notre page d\u00e9di\u00e9e<\/a><\/p>","protected":false},"excerpt":{"rendered":"<p>\u00c0 Saint-Nicolas, VDL De Meeuw a construit, en collaboration avec LAB, quatre b\u00e2timents scolaires modulaires en seulement 3,5 ans. Le campus offre un environnement d\u2019apprentissage ouvert et tourn\u00e9 vers l\u2019avenir, caract\u00e9ris\u00e9 par la lumi\u00e8re, le confort et la connexion entre les usagers. Gr\u00e2ce \u00e0 une r\u00e9alisation phas\u00e9e, l\u2019\u00e9cole a pu \u00e9voluer progressivement sans interruption des cours. La passerelle hexagonale et l\u2019organisation circulaire symbolisent la flexibilit\u00e9, la collaboration et la durabilit\u00e9.<\/p>\n","protected":false},"featured_media":7926,"template":"","news-category":[15],"class_list":["post-11137","news","type-news","status-publish","has-post-thumbnail","hentry"],"acf":[],"yoast_head":"<title>Un campus scolaire color\u00e9 \u00e0 Saint-Nicolas : enti\u00e8rement r\u00e9alis\u00e9 en 3,5 ans - VDL De Meeuw FR<\/title>\n<meta name=\"description\" content=\"VDL De Meeuw r\u00e9alise en 3,5 ans un campus scolaire modulaire et circulaire \u00e0 Saint-Nicolas, avec des espaces d\u2019apprentissage ouverts, flexibles et un confort optimal.\" \/>\n<meta name=\"robots\" content=\"index, follow, max-snippet:-1, max-image-preview:large, max-video-preview:-1\" \/>\n<link rel=\"canonical\" href=\"https:\/\/vdldemeeuw.be\/fr\/actualites\/un-campus-scolaire-colore-a-saint-nicolas-entierement-realise-en-35-ans\/\" \/>\n<meta property=\"og:locale\" content=\"fr_FR\" \/>\n<meta property=\"og:type\" content=\"article\" \/>\n<meta property=\"og:title\" content=\"Un campus scolaire color\u00e9 \u00e0 Saint-Nicolas : enti\u00e8rement r\u00e9alis\u00e9 en 3,5 ans - VDL De Meeuw FR\" \/>\n<meta property=\"og:description\" content=\"VDL De Meeuw r\u00e9alise en 3,5 ans un campus scolaire modulaire et circulaire \u00e0 Saint-Nicolas, avec des espaces d\u2019apprentissage ouverts, flexibles et un confort optimal.\" \/>\n<meta property=\"og:url\" content=\"https:\/\/vdldemeeuw.be\/fr\/actualites\/un-campus-scolaire-colore-a-saint-nicolas-entierement-realise-en-35-ans\/\" \/>\n<meta property=\"og:site_name\" content=\"VDL De Meeuw FR\" \/>\n<meta property=\"article:modified_time\" content=\"2026-03-17T16:55:08+00:00\" \/>\n<meta name=\"twitter:card\" content=\"summary_large_image\" \/>\n<meta name=\"twitter:label1\" content=\"Dur\u00e9e de lecture estim\u00e9e\" \/>\n\t<meta name=\"twitter:data1\" content=\"3 minutes\" \/>\n<script type=\"application\/ld+json\" class=\"yoast-schema-graph\">{\"@context\":\"https:\/\/schema.org\",\"@graph\":[{\"@type\":\"WebPage\",\"@id\":\"https:\/\/vdldemeeuw.be\/fr\/actualites\/un-campus-scolaire-colore-a-saint-nicolas-entierement-realise-en-35-ans\/\",\"url\":\"https:\/\/vdldemeeuw.be\/fr\/actualites\/un-campus-scolaire-colore-a-saint-nicolas-entierement-realise-en-35-ans\/\",\"name\":\"Un campus scolaire color\u00e9 \u00e0 Saint-Nicolas : enti\u00e8rement r\u00e9alis\u00e9 en 3,5 ans - VDL De Meeuw FR\",\"isPartOf\":{\"@id\":\"https:\/\/vdldemeeuw.be\/fr\/#website\"},\"primaryImageOfPage\":{\"@id\":\"https:\/\/vdldemeeuw.be\/fr\/actualites\/un-campus-scolaire-colore-a-saint-nicolas-entierement-realise-en-35-ans\/#primaryimage\"},\"image\":{\"@id\":\"https:\/\/vdldemeeuw.be\/fr\/actualites\/un-campus-scolaire-colore-a-saint-nicolas-entierement-realise-en-35-ans\/#primaryimage\"},\"thumbnailUrl\":\"https:\/\/vdldemeeuw.be\/fr\/wp-content\/uploads\/sites\/2\/2025\/09\/DSC_6808.jpg\",\"datePublished\":\"2025-09-25T13:30:00+00:00\",\"dateModified\":\"2026-03-17T16:55:08+00:00\",\"description\":\"VDL De Meeuw r\u00e9alise en 3,5 ans un campus scolaire modulaire et circulaire \u00e0 Saint-Nicolas, avec des espaces d\u2019apprentissage ouverts, flexibles et un confort optimal.\",\"breadcrumb\":{\"@id\":\"https:\/\/vdldemeeuw.be\/fr\/actualites\/un-campus-scolaire-colore-a-saint-nicolas-entierement-realise-en-35-ans\/#breadcrumb\"},\"inLanguage\":\"fr-FR\",\"potentialAction\":[{\"@type\":\"ReadAction\",\"target\":[\"https:\/\/vdldemeeuw.be\/fr\/actualites\/un-campus-scolaire-colore-a-saint-nicolas-entierement-realise-en-35-ans\/\"]}]},{\"@type\":\"ImageObject\",\"inLanguage\":\"fr-FR\",\"@id\":\"https:\/\/vdldemeeuw.be\/fr\/actualites\/un-campus-scolaire-colore-a-saint-nicolas-entierement-realise-en-35-ans\/#primaryimage\",\"url\":\"https:\/\/vdldemeeuw.be\/fr\/wp-content\/uploads\/sites\/2\/2025\/09\/DSC_6808.jpg\",\"contentUrl\":\"https:\/\/vdldemeeuw.be\/fr\/wp-content\/uploads\/sites\/2\/2025\/09\/DSC_6808.jpg\"},{\"@type\":\"BreadcrumbList\",\"@id\":\"https:\/\/vdldemeeuw.be\/fr\/actualites\/un-campus-scolaire-colore-a-saint-nicolas-entierement-realise-en-35-ans\/#breadcrumb\",\"itemListElement\":[{\"@type\":\"ListItem\",\"position\":1,\"name\":\"\",\"item\":\"https:\/\/vdldemeeuw.be\/fr\/\"},{\"@type\":\"ListItem\",\"position\":2,\"name\":\"News posts\",\"item\":\"https:\/\/vdldemeeuw.be\/fr\/actualites\/\"},{\"@type\":\"ListItem\",\"position\":3,\"name\":\"Un campus scolaire color\u00e9 \u00e0 Saint-Nicolas : enti\u00e8rement r\u00e9alis\u00e9 en 3,5 ans\"}]},{\"@type\":\"WebSite\",\"@id\":\"https:\/\/vdldemeeuw.be\/fr\/#website\",\"url\":\"https:\/\/vdldemeeuw.be\/fr\/\",\"name\":\"VDL De Meeuw FR\",\"description\":\"\",\"potentialAction\":[{\"@type\":\"SearchAction\",\"target\":{\"@type\":\"EntryPoint\",\"urlTemplate\":\"https:\/\/vdldemeeuw.be\/fr\/?search-query={search_term_string}\"},\"query-input\":{\"@type\":\"PropertyValueSpecification\",\"valueRequired\":true,\"valueName\":\"search_term_string\"}}],\"inLanguage\":\"fr-FR\"}]}<\/script>","yoast_head_json":{"title":"Un campus scolaire color\u00e9 \u00e0 Saint-Nicolas : enti\u00e8rement r\u00e9alis\u00e9 en 3,5 ans - VDL De Meeuw FR","description":"VDL De Meeuw r\u00e9alise en 3,5 ans un campus scolaire modulaire et circulaire \u00e0 Saint-Nicolas, avec des espaces d\u2019apprentissage ouverts, flexibles et un confort optimal.","robots":{"index":"index","follow":"follow","max-snippet":"max-snippet:-1","max-image-preview":"max-image-preview:large","max-video-preview":"max-video-preview:-1"},"canonical":"https:\/\/vdldemeeuw.be\/fr\/actualites\/un-campus-scolaire-colore-a-saint-nicolas-entierement-realise-en-35-ans\/","og_locale":"fr_FR","og_type":"article","og_title":"Un campus scolaire color\u00e9 \u00e0 Saint-Nicolas : enti\u00e8rement r\u00e9alis\u00e9 en 3,5 ans - VDL De Meeuw FR","og_description":"VDL De Meeuw r\u00e9alise en 3,5 ans un campus scolaire modulaire et circulaire \u00e0 Saint-Nicolas, avec des espaces d\u2019apprentissage ouverts, flexibles et un confort optimal.","og_url":"https:\/\/vdldemeeuw.be\/fr\/actualites\/un-campus-scolaire-colore-a-saint-nicolas-entierement-realise-en-35-ans\/","og_site_name":"VDL De Meeuw FR","article_modified_time":"2026-03-17T16:55:08+00:00","twitter_card":"summary_large_image","twitter_misc":{"Dur\u00e9e de lecture estim\u00e9e":"3 minutes"},"schema":{"@context":"https:\/\/schema.org","@graph":[{"@type":"WebPage","@id":"https:\/\/vdldemeeuw.be\/fr\/actualites\/un-campus-scolaire-colore-a-saint-nicolas-entierement-realise-en-35-ans\/","url":"https:\/\/vdldemeeuw.be\/fr\/actualites\/un-campus-scolaire-colore-a-saint-nicolas-entierement-realise-en-35-ans\/","name":"Un campus scolaire color\u00e9 \u00e0 Saint-Nicolas : enti\u00e8rement r\u00e9alis\u00e9 en 3,5 ans - VDL De Meeuw FR","isPartOf":{"@id":"https:\/\/vdldemeeuw.be\/fr\/#website"},"primaryImageOfPage":{"@id":"https:\/\/vdldemeeuw.be\/fr\/actualites\/un-campus-scolaire-colore-a-saint-nicolas-entierement-realise-en-35-ans\/#primaryimage"},"image":{"@id":"https:\/\/vdldemeeuw.be\/fr\/actualites\/un-campus-scolaire-colore-a-saint-nicolas-entierement-realise-en-35-ans\/#primaryimage"},"thumbnailUrl":"https:\/\/vdldemeeuw.be\/fr\/wp-content\/uploads\/sites\/2\/2025\/09\/DSC_6808.jpg","datePublished":"2025-09-25T13:30:00+00:00","dateModified":"2026-03-17T16:55:08+00:00","description":"VDL De Meeuw r\u00e9alise en 3,5 ans un campus scolaire modulaire et circulaire \u00e0 Saint-Nicolas, avec des espaces d\u2019apprentissage ouverts, flexibles et un confort optimal.","breadcrumb":{"@id":"https:\/\/vdldemeeuw.be\/fr\/actualites\/un-campus-scolaire-colore-a-saint-nicolas-entierement-realise-en-35-ans\/#breadcrumb"},"inLanguage":"fr-FR","potentialAction":[{"@type":"ReadAction","target":["https:\/\/vdldemeeuw.be\/fr\/actualites\/un-campus-scolaire-colore-a-saint-nicolas-entierement-realise-en-35-ans\/"]}]},{"@type":"ImageObject","inLanguage":"fr-FR","@id":"https:\/\/vdldemeeuw.be\/fr\/actualites\/un-campus-scolaire-colore-a-saint-nicolas-entierement-realise-en-35-ans\/#primaryimage","url":"https:\/\/vdldemeeuw.be\/fr\/wp-content\/uploads\/sites\/2\/2025\/09\/DSC_6808.jpg","contentUrl":"https:\/\/vdldemeeuw.be\/fr\/wp-content\/uploads\/sites\/2\/2025\/09\/DSC_6808.jpg"},{"@type":"BreadcrumbList","@id":"https:\/\/vdldemeeuw.be\/fr\/actualites\/un-campus-scolaire-colore-a-saint-nicolas-entierement-realise-en-35-ans\/#breadcrumb","itemListElement":[{"@type":"ListItem","position":1,"name":"","item":"https:\/\/vdldemeeuw.be\/fr\/"},{"@type":"ListItem","position":2,"name":"News posts","item":"https:\/\/vdldemeeuw.be\/fr\/actualites\/"},{"@type":"ListItem","position":3,"name":"Un campus scolaire color\u00e9 \u00e0 Saint-Nicolas : enti\u00e8rement r\u00e9alis\u00e9 en 3,5 ans"}]},{"@type":"WebSite","@id":"https:\/\/vdldemeeuw.be\/fr\/#website","url":"https:\/\/vdldemeeuw.be\/fr\/","name":"VDL De Meeuw FR","description":"","potentialAction":[{"@type":"SearchAction","target":{"@type":"EntryPoint","urlTemplate":"https:\/\/vdldemeeuw.be\/fr\/?search-query={search_term_string}"},"query-input":{"@type":"PropertyValueSpecification","valueRequired":true,"valueName":"search_term_string"}}],"inLanguage":"fr-FR"}]}},"_links":{"self":[{"href":"https:\/\/vdldemeeuw.be\/fr\/wp-json\/wp\/v2\/news\/11137","targetHints":{"allow":["GET"]}}],"collection":[{"href":"https:\/\/vdldemeeuw.be\/fr\/wp-json\/wp\/v2\/news"}],"about":[{"href":"https:\/\/vdldemeeuw.be\/fr\/wp-json\/wp\/v2\/types\/news"}],"version-history":[{"count":2,"href":"https:\/\/vdldemeeuw.be\/fr\/wp-json\/wp\/v2\/news\/11137\/revisions"}],"predecessor-version":[{"id":11139,"href":"https:\/\/vdldemeeuw.be\/fr\/wp-json\/wp\/v2\/news\/11137\/revisions\/11139"}],"wp:featuredmedia":[{"embeddable":true,"href":"https:\/\/vdldemeeuw.be\/fr\/wp-json\/"}],"wp:attachment":[{"href":"https:\/\/vdldemeeuw.be\/fr\/wp-json\/wp\/v2\/media?parent=11137"}],"wp:term":[{"taxonomy":"news-category","embeddable":true,"href":"https:\/\/vdldemeeuw.be\/fr\/wp-json\/wp\/v2\/news-category?post=11137"}],"curies":[{"name":"wp","href":"https:\/\/api.w.org\/{rel}","templated":true}]}}