{"id":11035,"date":"2025-08-05T14:50:24","date_gmt":"2025-08-05T12:50:24","guid":{"rendered":"https:\/\/vdldemeeuw.be\/fr\/?post_type=news&#038;p=11035"},"modified":"2026-03-17T17:44:06","modified_gmt":"2026-03-17T16:44:06","slug":"hfdv-decouvre-la-force-de-la-construction-modulaire-chez-vdl-de-meeuw","status":"publish","type":"news","link":"https:\/\/vdldemeeuw.be\/fr\/actualites\/hfdv-decouvre-la-force-de-la-construction-modulaire-chez-vdl-de-meeuw\/","title":{"rendered":"HFDV d\u00e9couvre la force de la construction modulaire chez VDL De Meeuw"},"content":{"rendered":"<p class=\"novi-block block-paragraph\"data-mb=\"small\"><strong><strong>Le 20 juin, VDL De Meeuw a ouvert ses portes aux membres de&nbsp;<\/strong><a href=\"https:\/\/hfdv.be\"><strong>HFDV,<\/strong><\/a><strong>&nbsp;le r\u00e9seau des facility managers du secteur des soins de sant\u00e9, pour une visite d\u2019entreprise inspirante \u00e0 Willebroek. La question centrale de cette visite : comment le secteur des soins de sant\u00e9 peut-il r\u00e9pondre de mani\u00e8re rapide, flexible et durable \u00e0 des besoins en constante \u00e9volution, sans faire de compromis sur la qualit\u00e9 ?<\/strong><\/strong><br><\/p>\n\n<p class=\"novi-block block-paragraph\"data-mb=\"small\">Au fil de la visite, les participants ont d\u00e9couvert que les b\u00e2timents modulaires d\u00e9di\u00e9s aux soins de sant\u00e9 constituent aujourd\u2019hui des solutions durables et compl\u00e8tes. Ils ne se limitent plus \u00e0 des unit\u00e9s temporaires, mais sont de v\u00e9ritables infrastructures robustes, pens\u00e9es pour les patients, les soignants et les d\u00e9cideurs politiques. Le message \u00e9tait sans ambigu\u00eft\u00e9.<\/p>\n\n<p class=\"novi-block block-paragraph\"data-mb=\"small\"><strong><strong>Des b\u00e2timents \u00e0 part enti\u00e8re, construits en un temps record<\/strong><\/strong><\/p>\n\n<p class=\"novi-block block-paragraph\"data-mb=\"small\">\u00c0 l\u2019issue de la visite, Carl Potters, de la maison de soins Hooidonk (asbl KMI), a salu\u00e9 la qualit\u00e9 de l\u2019organisation : \u00ab Il est d\u00e9sormais clair que VDL De Meeuw ne propose pas uniquement des unit\u00e9s modulaires temporaires, mais aussi des b\u00e2timents \u00e0 part enti\u00e8re, avec des d\u00e9lais de construction remarquablement courts. \u00bb Il a \u00e9galement appr\u00e9ci\u00e9 la coh\u00e9rence de l\u2019ensemble : pr\u00e9sentation, visite guid\u00e9e et cas pratiques se sont r\u00e9v\u00e9l\u00e9s particuli\u00e8rement pertinents.<\/p>\n\n<p class=\"novi-block block-paragraph\"data-mb=\"small\"><strong><strong>Rapidit\u00e9, propret\u00e9 et discr\u00e9tion sur chantier<\/strong><\/strong><\/p>\n\n<p class=\"novi-block block-paragraph\"data-mb=\"small\">Didier Windey, coordinateur des services g\u00e9n\u00e9raux \u00e0 l&rsquo;AZ Sint-Blasius et candidat au titre de Facility Manager of the Year, a mis en avant l\u2019efficacit\u00e9 de l&rsquo;approche modulaire : \u00ab&nbsp;Je suis un adepte de la construction modulaire, surtout parce qu\u2019elle permet de travailler vite, proprement et en toute discr\u00e9tion. C\u2019est un atout majeur dans un h\u00f4pital, o\u00f9 l\u2019activit\u00e9 ne s\u2019arr\u00eate jamais.&nbsp;\u00bb Il a \u00e9galement soulign\u00e9 l&rsquo;int\u00e9r\u00eat de cette m\u00e9thode pour construire de mani\u00e8re plus flexible, plus agile et pour r\u00e9pondre rapidement \u00e0 l\u2019\u00e9volution des besoins.<\/p>\n\n<p class=\"novi-block block-paragraph\"data-mb=\"small\"><strong><strong>Curiosit\u00e9, reconnaissance et inspiration<\/strong><\/strong><\/p>\n\n<p class=\"novi-block block-paragraph\"data-mb=\"small\">Petra Debruyne, de l\u2019UZ Gent, a \u00e9galement exprim\u00e9 sa satisfaction : \u00ab&nbsp;C\u2019\u00e9tait une visite r\u00e9ussie pour nous.&nbsp;\u00bb Une impression qui r\u00e9sume bien l\u2019ambiance g\u00e9n\u00e9rale de la journ\u00e9e : un m\u00e9lange de curiosit\u00e9, de reconnaissance et d\u2019inspiration.<\/p>\n\n<p class=\"novi-block block-paragraph\"data-mb=\"small\">Judith Noyez, coordinatrice des services g\u00e9n\u00e9raux au centre psychiatrique de Menen, a trouv\u00e9 l\u2019exp\u00e9rience tr\u00e8s instructive : \u00ab&nbsp;Les diff\u00e9rentes possibilit\u00e9s d\u00e9velopp\u00e9es \u00e0 partir du mod\u00e8le d\u2019entreprise de VDL De Meeuw \u00e9taient vraiment inspirantes. Les exemples pratiques et la visite de la production ont permis de visualiser pleinement le potentiel.&nbsp;\u00bb Elle a \u00e9galement appr\u00e9ci\u00e9 l&rsquo;interaction pendant la pr\u00e9sentation : \u00ab&nbsp;Les questions pos\u00e9es au public ont v\u00e9ritablement dynamis\u00e9 la pr\u00e9sentation.&nbsp;\u00bb<\/p>\n\n<p class=\"novi-block block-paragraph\"data-mb=\"small\"><strong><strong>Des projets concrets : de l&rsquo;UZ Gent \u00e0 Ponton<\/strong><\/strong><\/p>\n\n<p class=\"novi-block block-paragraph\"data-mb=\"small\">La pr\u00e9sentation a permis d\u2019explorer plusieurs projets r\u00e9cents, notamment la r\u00e9ception centrale de l\u2019UZ Gent, le Centre Hospitalier Jean Titeca \u00e0 Bruxelles, ainsi que Ponton, un centre de soins r\u00e9sidentiels temporaires reconnu pour son confort et sa qualit\u00e9 de vie.<\/p>\n\n<p class=\"novi-block block-paragraph\"data-mb=\"small\">Le programme comprenait une pr\u00e9sentation structur\u00e9e, suivie d\u2019une visite approfondie en petits groupes. Les participants ont pu d\u00e9couvrir une unit\u00e9 de soins r\u00e9sidentiels enti\u00e8rement \u00e9quip\u00e9e, les halls de production ainsi que les bureaux de VDL De Meeuw. Ils ont ainsi pu se faire une id\u00e9e globale de la mani\u00e8re dont les b\u00e2timents sont con\u00e7us : contr\u00f4l\u00e9e, progressive et enti\u00e8rement adapt\u00e9e aux exigences du secteur des soins.<\/p>\n\n<p class=\"novi-block block-paragraph\"data-mb=\"small\"><strong><strong>Durabilit\u00e9 et robustesse<\/strong><\/strong><\/p>\n\n<p class=\"novi-block block-paragraph\"data-mb=\"small\">Pour Didier Windey, les informations fournies sur les infrastructures modulaires destin\u00e9es aux soins \u00e9taient \u00ab&nbsp;absolument claires et pertinentes&nbsp;\u00bb. Il a exprim\u00e9 son int\u00e9r\u00eat pour en apprendre davantage \u00e0 l\u2019avenir sur la durabilit\u00e9 et la solidit\u00e9 de ces b\u00e2timents.<\/p>\n\n<p class=\"novi-block block-paragraph\"data-mb=\"small\"><strong><strong>Une r\u00e9ponse strat\u00e9gique et un endroit inspirant<\/strong><\/strong><\/p>\n\n<p class=\"novi-block block-paragraph\"data-mb=\"small\">La visite s&rsquo;est achev\u00e9e par un d\u00e9jeuner et un moment de r\u00e9seautage, durant lequel les participants ont \u00e9chang\u00e9 leurs impressions et pos\u00e9 de nouvelles questions. Pour VDL De Meeuw, cette journ\u00e9e a surtout confirm\u00e9 une chose : les besoins dans le secteur des soins sont immenses, et la construction modulaire peut offrir une r\u00e9ponse strat\u00e9gique.<\/p>\n\n<p class=\"novi-block block-paragraph\"data-mb=\"small\">Vous envisagez d\u2019organiser votre propre moment de r\u00e9seautage ? Contactez-nous pour discuter des possibilit\u00e9s sur notre site de Willebroek.<\/p>\n\n<p class=\"novi-block block-paragraph\"data-mb=\"small\"><\/p>","protected":false},"excerpt":{"rendered":"<p>HFDV d\u00e9couvre la force de la construction modulaire chez VDL De Meeuw. Le 20 juin dernier, les membres de HFDV \u2013 le r\u00e9seau des facility managers du secteur des soins de sant\u00e9 \u2013 ont eu l\u2019occasion de d\u00e9couvrir les atouts de la construction modulaire lors d\u2019une visite inspirante du site de VDL De Meeuw \u00e0 Willebroek. La question centrale de cette visite \u00e9tait claire : comment le secteur des soins de sant\u00e9 peut-il r\u00e9pondre de mani\u00e8re rapide, flexible et durable \u00e0 des besoins en constante \u00e9volution, sans faire de compromis sur la qualit\u00e9 ? Et la r\u00e9ponse \u00e9tait \u00e9vidente : les b\u00e2timents de soins de sant\u00e9 modulaires doivent offrir des solutions compl\u00e8tes, orient\u00e9es vers l&rsquo;avenir, qui allient confort, efficacit\u00e9 et robustesse.<\/p>\n","protected":false},"featured_media":7824,"template":"","news-category":[36],"class_list":["post-11035","news","type-news","status-publish","has-post-thumbnail","hentry"],"acf":[],"yoast_head":"<title>HFDV d\u00e9couvre la force de la construction modulaire chez VDL De Meeuw - VDL De Meeuw FR<\/title>\n<meta name=\"description\" content=\"Chez VDL De Meeuw \u00e0 Willebroek, HFDV d\u00e9couvre une construction modulaire rapide, flexible et durable pour les soins, sans compromis sur la qualit\u00e9.\" \/>\n<meta name=\"robots\" content=\"index, follow, max-snippet:-1, max-image-preview:large, max-video-preview:-1\" \/>\n<link rel=\"canonical\" href=\"https:\/\/vdldemeeuw.be\/fr\/actualites\/hfdv-decouvre-la-force-de-la-construction-modulaire-chez-vdl-de-meeuw\/\" \/>\n<meta property=\"og:locale\" content=\"fr_FR\" \/>\n<meta property=\"og:type\" content=\"article\" \/>\n<meta property=\"og:title\" content=\"HFDV d\u00e9couvre la force de la construction modulaire chez VDL De Meeuw - VDL De Meeuw FR\" \/>\n<meta property=\"og:description\" content=\"Chez VDL De Meeuw \u00e0 Willebroek, HFDV d\u00e9couvre une construction modulaire rapide, flexible et durable pour les soins, sans compromis sur la qualit\u00e9.\" \/>\n<meta property=\"og:url\" content=\"https:\/\/vdldemeeuw.be\/fr\/actualites\/hfdv-decouvre-la-force-de-la-construction-modulaire-chez-vdl-de-meeuw\/\" \/>\n<meta property=\"og:site_name\" content=\"VDL De Meeuw FR\" \/>\n<meta property=\"article:modified_time\" content=\"2026-03-17T16:44:06+00:00\" \/>\n<meta name=\"twitter:card\" content=\"summary_large_image\" \/>\n<meta name=\"twitter:label1\" content=\"Dur\u00e9e de lecture estim\u00e9e\" \/>\n\t<meta name=\"twitter:data1\" content=\"4 minutes\" \/>\n<script type=\"application\/ld+json\" class=\"yoast-schema-graph\">{\"@context\":\"https:\/\/schema.org\",\"@graph\":[{\"@type\":\"WebPage\",\"@id\":\"https:\/\/vdldemeeuw.be\/fr\/actualites\/hfdv-decouvre-la-force-de-la-construction-modulaire-chez-vdl-de-meeuw\/\",\"url\":\"https:\/\/vdldemeeuw.be\/fr\/actualites\/hfdv-decouvre-la-force-de-la-construction-modulaire-chez-vdl-de-meeuw\/\",\"name\":\"HFDV d\u00e9couvre la force de la construction modulaire chez VDL De Meeuw - VDL De Meeuw FR\",\"isPartOf\":{\"@id\":\"https:\/\/vdldemeeuw.be\/fr\/#website\"},\"primaryImageOfPage\":{\"@id\":\"https:\/\/vdldemeeuw.be\/fr\/actualites\/hfdv-decouvre-la-force-de-la-construction-modulaire-chez-vdl-de-meeuw\/#primaryimage\"},\"image\":{\"@id\":\"https:\/\/vdldemeeuw.be\/fr\/actualites\/hfdv-decouvre-la-force-de-la-construction-modulaire-chez-vdl-de-meeuw\/#primaryimage\"},\"thumbnailUrl\":\"https:\/\/vdldemeeuw.be\/fr\/wp-content\/uploads\/sites\/2\/2025\/08\/picture-HFDV.jpg\",\"datePublished\":\"2025-08-05T12:50:24+00:00\",\"dateModified\":\"2026-03-17T16:44:06+00:00\",\"description\":\"Chez VDL De Meeuw \u00e0 Willebroek, HFDV d\u00e9couvre une construction modulaire rapide, flexible et durable pour les soins, sans compromis sur la qualit\u00e9.\",\"breadcrumb\":{\"@id\":\"https:\/\/vdldemeeuw.be\/fr\/actualites\/hfdv-decouvre-la-force-de-la-construction-modulaire-chez-vdl-de-meeuw\/#breadcrumb\"},\"inLanguage\":\"fr-FR\",\"potentialAction\":[{\"@type\":\"ReadAction\",\"target\":[\"https:\/\/vdldemeeuw.be\/fr\/actualites\/hfdv-decouvre-la-force-de-la-construction-modulaire-chez-vdl-de-meeuw\/\"]}]},{\"@type\":\"ImageObject\",\"inLanguage\":\"fr-FR\",\"@id\":\"https:\/\/vdldemeeuw.be\/fr\/actualites\/hfdv-decouvre-la-force-de-la-construction-modulaire-chez-vdl-de-meeuw\/#primaryimage\",\"url\":\"https:\/\/vdldemeeuw.be\/fr\/wp-content\/uploads\/sites\/2\/2025\/08\/picture-HFDV.jpg\",\"contentUrl\":\"https:\/\/vdldemeeuw.be\/fr\/wp-content\/uploads\/sites\/2\/2025\/08\/picture-HFDV.jpg\"},{\"@type\":\"BreadcrumbList\",\"@id\":\"https:\/\/vdldemeeuw.be\/fr\/actualites\/hfdv-decouvre-la-force-de-la-construction-modulaire-chez-vdl-de-meeuw\/#breadcrumb\",\"itemListElement\":[{\"@type\":\"ListItem\",\"position\":1,\"name\":\"\",\"item\":\"https:\/\/vdldemeeuw.be\/fr\/\"},{\"@type\":\"ListItem\",\"position\":2,\"name\":\"News posts\",\"item\":\"https:\/\/vdldemeeuw.be\/fr\/actualites\/\"},{\"@type\":\"ListItem\",\"position\":3,\"name\":\"HFDV d\u00e9couvre la force de la construction modulaire chez VDL De Meeuw\"}]},{\"@type\":\"WebSite\",\"@id\":\"https:\/\/vdldemeeuw.be\/fr\/#website\",\"url\":\"https:\/\/vdldemeeuw.be\/fr\/\",\"name\":\"VDL De Meeuw FR\",\"description\":\"\",\"potentialAction\":[{\"@type\":\"SearchAction\",\"target\":{\"@type\":\"EntryPoint\",\"urlTemplate\":\"https:\/\/vdldemeeuw.be\/fr\/?search-query={search_term_string}\"},\"query-input\":{\"@type\":\"PropertyValueSpecification\",\"valueRequired\":true,\"valueName\":\"search_term_string\"}}],\"inLanguage\":\"fr-FR\"}]}<\/script>","yoast_head_json":{"title":"HFDV d\u00e9couvre la force de la construction modulaire chez VDL De Meeuw - VDL De Meeuw FR","description":"Chez VDL De Meeuw \u00e0 Willebroek, HFDV d\u00e9couvre une construction modulaire rapide, flexible et durable pour les soins, sans compromis sur la qualit\u00e9.","robots":{"index":"index","follow":"follow","max-snippet":"max-snippet:-1","max-image-preview":"max-image-preview:large","max-video-preview":"max-video-preview:-1"},"canonical":"https:\/\/vdldemeeuw.be\/fr\/actualites\/hfdv-decouvre-la-force-de-la-construction-modulaire-chez-vdl-de-meeuw\/","og_locale":"fr_FR","og_type":"article","og_title":"HFDV d\u00e9couvre la force de la construction modulaire chez VDL De Meeuw - VDL De Meeuw FR","og_description":"Chez VDL De Meeuw \u00e0 Willebroek, HFDV d\u00e9couvre une construction modulaire rapide, flexible et durable pour les soins, sans compromis sur la qualit\u00e9.","og_url":"https:\/\/vdldemeeuw.be\/fr\/actualites\/hfdv-decouvre-la-force-de-la-construction-modulaire-chez-vdl-de-meeuw\/","og_site_name":"VDL De Meeuw FR","article_modified_time":"2026-03-17T16:44:06+00:00","twitter_card":"summary_large_image","twitter_misc":{"Dur\u00e9e de lecture estim\u00e9e":"4 minutes"},"schema":{"@context":"https:\/\/schema.org","@graph":[{"@type":"WebPage","@id":"https:\/\/vdldemeeuw.be\/fr\/actualites\/hfdv-decouvre-la-force-de-la-construction-modulaire-chez-vdl-de-meeuw\/","url":"https:\/\/vdldemeeuw.be\/fr\/actualites\/hfdv-decouvre-la-force-de-la-construction-modulaire-chez-vdl-de-meeuw\/","name":"HFDV d\u00e9couvre la force de la construction modulaire chez VDL De Meeuw - VDL De Meeuw FR","isPartOf":{"@id":"https:\/\/vdldemeeuw.be\/fr\/#website"},"primaryImageOfPage":{"@id":"https:\/\/vdldemeeuw.be\/fr\/actualites\/hfdv-decouvre-la-force-de-la-construction-modulaire-chez-vdl-de-meeuw\/#primaryimage"},"image":{"@id":"https:\/\/vdldemeeuw.be\/fr\/actualites\/hfdv-decouvre-la-force-de-la-construction-modulaire-chez-vdl-de-meeuw\/#primaryimage"},"thumbnailUrl":"https:\/\/vdldemeeuw.be\/fr\/wp-content\/uploads\/sites\/2\/2025\/08\/picture-HFDV.jpg","datePublished":"2025-08-05T12:50:24+00:00","dateModified":"2026-03-17T16:44:06+00:00","description":"Chez VDL De Meeuw \u00e0 Willebroek, HFDV d\u00e9couvre une construction modulaire rapide, flexible et durable pour les soins, sans compromis sur la qualit\u00e9.","breadcrumb":{"@id":"https:\/\/vdldemeeuw.be\/fr\/actualites\/hfdv-decouvre-la-force-de-la-construction-modulaire-chez-vdl-de-meeuw\/#breadcrumb"},"inLanguage":"fr-FR","potentialAction":[{"@type":"ReadAction","target":["https:\/\/vdldemeeuw.be\/fr\/actualites\/hfdv-decouvre-la-force-de-la-construction-modulaire-chez-vdl-de-meeuw\/"]}]},{"@type":"ImageObject","inLanguage":"fr-FR","@id":"https:\/\/vdldemeeuw.be\/fr\/actualites\/hfdv-decouvre-la-force-de-la-construction-modulaire-chez-vdl-de-meeuw\/#primaryimage","url":"https:\/\/vdldemeeuw.be\/fr\/wp-content\/uploads\/sites\/2\/2025\/08\/picture-HFDV.jpg","contentUrl":"https:\/\/vdldemeeuw.be\/fr\/wp-content\/uploads\/sites\/2\/2025\/08\/picture-HFDV.jpg"},{"@type":"BreadcrumbList","@id":"https:\/\/vdldemeeuw.be\/fr\/actualites\/hfdv-decouvre-la-force-de-la-construction-modulaire-chez-vdl-de-meeuw\/#breadcrumb","itemListElement":[{"@type":"ListItem","position":1,"name":"","item":"https:\/\/vdldemeeuw.be\/fr\/"},{"@type":"ListItem","position":2,"name":"News posts","item":"https:\/\/vdldemeeuw.be\/fr\/actualites\/"},{"@type":"ListItem","position":3,"name":"HFDV d\u00e9couvre la force de la construction modulaire chez VDL De Meeuw"}]},{"@type":"WebSite","@id":"https:\/\/vdldemeeuw.be\/fr\/#website","url":"https:\/\/vdldemeeuw.be\/fr\/","name":"VDL De Meeuw FR","description":"","potentialAction":[{"@type":"SearchAction","target":{"@type":"EntryPoint","urlTemplate":"https:\/\/vdldemeeuw.be\/fr\/?search-query={search_term_string}"},"query-input":{"@type":"PropertyValueSpecification","valueRequired":true,"valueName":"search_term_string"}}],"inLanguage":"fr-FR"}]}},"_links":{"self":[{"href":"https:\/\/vdldemeeuw.be\/fr\/wp-json\/wp\/v2\/news\/11035","targetHints":{"allow":["GET"]}}],"collection":[{"href":"https:\/\/vdldemeeuw.be\/fr\/wp-json\/wp\/v2\/news"}],"about":[{"href":"https:\/\/vdldemeeuw.be\/fr\/wp-json\/wp\/v2\/types\/news"}],"version-history":[{"count":6,"href":"https:\/\/vdldemeeuw.be\/fr\/wp-json\/wp\/v2\/news\/11035\/revisions"}],"predecessor-version":[{"id":11136,"href":"https:\/\/vdldemeeuw.be\/fr\/wp-json\/wp\/v2\/news\/11035\/revisions\/11136"}],"wp:featuredmedia":[{"embeddable":true,"href":"https:\/\/vdldemeeuw.be\/fr\/wp-json\/"}],"wp:attachment":[{"href":"https:\/\/vdldemeeuw.be\/fr\/wp-json\/wp\/v2\/media?parent=11035"}],"wp:term":[{"taxonomy":"news-category","embeddable":true,"href":"https:\/\/vdldemeeuw.be\/fr\/wp-json\/wp\/v2\/news-category?post=11035"}],"curies":[{"name":"wp","href":"https:\/\/api.w.org\/{rel}","templated":true}]}}